{"id":93,"date":"2025-10-28T07:36:45","date_gmt":"2025-10-28T07:36:45","guid":{"rendered":"https:\/\/animals.jkfraser.com\/?p=93"},"modified":"2025-10-28T07:36:46","modified_gmt":"2025-10-28T07:36:46","slug":"mi-vecino-me-dijo-que-dejara-de-cocinar-comida-con-mal-olor-y-luego-se-volvio-personal","status":"publish","type":"post","link":"https:\/\/animals.jkfraser.com\/?p=93","title":{"rendered":"Mi vecino me dijo que dejara de cocinar comida con mal olor&#8230; y luego se volvi\u00f3 personal"},"content":{"rendered":"\n<figure class=\"wp-block-image size-large\"><img loading=\"lazy\" decoding=\"async\" width=\"1024\" height=\"1024\" src=\"https:\/\/animals.jkfraser.com\/wp-content\/uploads\/2025\/10\/image-34-1024x1024.png\" alt=\"\" class=\"wp-image-114\" srcset=\"https:\/\/animals.jkfraser.com\/wp-content\/uploads\/2025\/10\/image-34-1024x1024.png 1024w, https:\/\/animals.jkfraser.com\/wp-content\/uploads\/2025\/10\/image-34-300x300.png 300w, https:\/\/animals.jkfraser.com\/wp-content\/uploads\/2025\/10\/image-34-150x150.png 150w, https:\/\/animals.jkfraser.com\/wp-content\/uploads\/2025\/10\/image-34-768x768.png 768w, https:\/\/animals.jkfraser.com\/wp-content\/uploads\/2025\/10\/image-34-1536x1536.png 1536w, https:\/\/animals.jkfraser.com\/wp-content\/uploads\/2025\/10\/image-34.png 2048w\" sizes=\"auto, (max-width: 1024px) 100vw, 1024px\" \/><\/figure>\n\n\n\n<p>Me mud\u00e9 hace poco a un piso nuevo en una casa de cuatro plantas. Tengo dos vecinos. Uno de ellos es una familia joven con dos hijos, y mi otra vecina es una mujer de mediana edad, Mar\u00eda, que vive sola.<\/p>\n\n\n\n<p>Pens\u00e9 que me llevar\u00eda bien con ellos, ya que nunca hab\u00eda tenido problemas con mis vecinos en mis viviendas anteriores. Sin embargo, mi optimismo cambi\u00f3 repentinamente tras un extra\u00f1o incidente con la vecina.<\/p>\n\n\n\n<figure class=\"wp-block-image\" id=\"attachment_30348\"><img decoding=\"async\" src=\"https:\/\/alternatech-net.b-cdn.net\/wp-content\/uploads\/2025\/10\/233-1-1.png\" alt=\"\" class=\"wp-image-30348\"\/><figcaption class=\"wp-element-caption\">S\u00f3lo con fines ilustrativos<\/figcaption><\/figure>\n\n\n\n<p>Un viernes por la noche, estaba cocinando la cena cuando llamaron al timbre. Me sorprendi\u00f3 ver a Mar\u00eda en la puerta. Empez\u00f3 a quejarse de que el olor a ajo que sal\u00eda de mi piso la molestaba a trav\u00e9s de la pared. Dijo que era tan fuerte que no pod\u00eda disfrutar de su programa favorito y me pidi\u00f3 que la pr\u00f3xima vez no usara tanto ajo.<\/p>\n\n\n\n<p>Me qued\u00e9 at\u00f3nita, pero no dije nada y simplemente me olvid\u00e9 del incidente. La semana siguiente, prepar\u00e9 mi pasta favorita con pollo y ajo. Unos d\u00edas despu\u00e9s, para mi sorpresa, el casero apareci\u00f3 en mi puerta. Dijo que alguien se quej\u00f3 y me critic\u00f3 por un &#8220;problema de olores recurrentes&#8221;.<\/p>\n\n\n\n<figure class=\"wp-block-image\" id=\"attachment_30350\"><img decoding=\"async\" src=\"https:\/\/alternatech-net.b-cdn.net\/wp-content\/uploads\/2025\/10\/43.jpg\" alt=\"\" class=\"wp-image-30350\"\/><figcaption class=\"wp-element-caption\">S\u00f3lo con fines ilustrativos<\/figcaption><\/figure>\n\n\n\n<h2 class=\"wp-block-heading\">La soluci\u00f3n<\/h2>\n\n\n\n<p>Al principio, me enoj\u00e9 porque mi vecino me hab\u00eda tratado a escondidas y me hab\u00eda puesto en esta situaci\u00f3n inc\u00f3moda. Luego empec\u00e9 a pensar en una soluci\u00f3n que pudiera resolver la situaci\u00f3n.<\/p>\n\n\n\n<p>As\u00ed que la siguiente vez, cuando cocin\u00e9 la misma comida, fui hacia Mar\u00eda y le dije con una sonrisa: \u201cTal vez estabas molesta porque la comida ol\u00eda demasiado bien y solo quer\u00edas probarla\u201d. Luego le entregu\u00e9 un plato del plato que hab\u00eda estado cocinando.<\/p>\n\n\n\n<figure class=\"wp-block-image\" id=\"attachment_30347\"><img decoding=\"async\" src=\"https:\/\/alternatech-net.b-cdn.net\/wp-content\/uploads\/2025\/10\/233-1.jpeg\" alt=\"\" class=\"wp-image-30347\"\/><figcaption class=\"wp-element-caption\">S\u00f3lo con fines ilustrativos<\/figcaption><\/figure>\n\n\n\n<h2 class=\"wp-block-heading\">Todo cambi\u00f3<\/h2>\n\n\n\n<p>Ella pareci\u00f3 sorprendida, pero tom\u00f3 mi plato y me invit\u00f3 a pasar. Luego comenz\u00f3 a contarme sobre su infancia, cuando una de sus comidas favoritas era el pan de ajo.<\/p>\n\n\n\n<p>Pero a su marido no le gustaba el olor, as\u00ed que no ha preparado comida con ajo en d\u00e9cadas. Cuando yo preparaba mis platos, recordaba cu\u00e1nto le encantaba y se frustraba porque solo le importaba el sabor de su marido.<\/p>\n\n\n\n<figure class=\"wp-block-image\" id=\"attachment_30349\"><img decoding=\"async\" src=\"https:\/\/alternatech-net.b-cdn.net\/wp-content\/uploads\/2025\/10\/233-2-1.png\" alt=\"\" class=\"wp-image-30349\"\/><figcaption class=\"wp-element-caption\">S\u00f3lo con fines ilustrativos<\/figcaption><\/figure>\n\n\n\n<p>Al d\u00eda siguiente, Mar\u00eda me dej\u00f3 una nota de agradecimiento en la puerta, diciendo que la comida estaba deliciosa. Desde entonces, siempre le he preparado una porci\u00f3n, e incluso a veces cocinamos juntas.<\/p>\n","protected":false},"excerpt":{"rendered":"<div class=\"mh-excerpt\"><p>Me mud\u00e9 hace poco a un piso nuevo en una casa de cuatro plantas. Tengo dos vecinos. Uno de ellos es una familia joven con <a class=\"mh-excerpt-more\" href=\"https:\/\/animals.jkfraser.com\/?p=93\" title=\"Mi vecino me dijo que dejara de cocinar comida con mal olor&#8230; y luego se volvi\u00f3 personal\">[&#8230;]<\/a><\/p>\n<\/div>","protected":false},"author":1,"featured_media":114,"comment_status":"open","ping_status":"open","sticky":false,"template":"","format":"standard","meta":{"footnotes":""},"categories":[1],"tags":[],"class_list":["post-93","post","type-post","status-publish","format-standard","has-post-thumbnail","hentry","category-uncategorised"],"_links":{"self":[{"href":"https:\/\/animals.jkfraser.com\/index.php?rest_route=\/wp\/v2\/posts\/93","targetHints":{"allow":["GET"]}}],"collection":[{"href":"https:\/\/animals.jkfraser.com\/index.php?rest_route=\/wp\/v2\/posts"}],"about":[{"href":"https:\/\/animals.jkfraser.com\/index.php?rest_route=\/wp\/v2\/types\/post"}],"author":[{"embeddable":true,"href":"https:\/\/animals.jkfraser.com\/index.php?rest_route=\/wp\/v2\/users\/1"}],"replies":[{"embeddable":true,"href":"https:\/\/animals.jkfraser.com\/index.php?rest_route=%2Fwp%2Fv2%2Fcomments&post=93"}],"version-history":[{"count":1,"href":"https:\/\/animals.jkfraser.com\/index.php?rest_route=\/wp\/v2\/posts\/93\/revisions"}],"predecessor-version":[{"id":115,"href":"https:\/\/animals.jkfraser.com\/index.php?rest_route=\/wp\/v2\/posts\/93\/revisions\/115"}],"wp:featuredmedia":[{"embeddable":true,"href":"https:\/\/animals.jkfraser.com\/index.php?rest_route=\/wp\/v2\/media\/114"}],"wp:attachment":[{"href":"https:\/\/animals.jkfraser.com\/index.php?rest_route=%2Fwp%2Fv2%2Fmedia&parent=93"}],"wp:term":[{"taxonomy":"category","embeddable":true,"href":"https:\/\/animals.jkfraser.com\/index.php?rest_route=%2Fwp%2Fv2%2Fcategories&post=93"},{"taxonomy":"post_tag","embeddable":true,"href":"https:\/\/animals.jkfraser.com\/index.php?rest_route=%2Fwp%2Fv2%2Ftags&post=93"}],"curies":[{"name":"wp","href":"https:\/\/api.w.org\/{rel}","templated":true}]}}