{"id":806,"date":"2025-12-07T09:30:44","date_gmt":"2025-12-07T09:30:44","guid":{"rendered":"https:\/\/animals.jkfraser.com\/?p=806"},"modified":"2025-12-07T09:30:45","modified_gmt":"2025-12-07T09:30:45","slug":"ultima-hora-confirma-que-el-5-de-agosto-la-tierra-comenzara-a","status":"publish","type":"post","link":"https:\/\/animals.jkfraser.com\/?p=806","title":{"rendered":"\u00daLTIMA HORA confirma que el 5 de agosto la Tierra comenzar\u00e1 a\u2026"},"content":{"rendered":"\n<figure class=\"wp-block-image size-full\"><img loading=\"lazy\" decoding=\"async\" width=\"720\" height=\"400\" src=\"https:\/\/animals.jkfraser.com\/wp-content\/uploads\/2025\/12\/image-41.png\" alt=\"\" class=\"wp-image-824\" srcset=\"https:\/\/animals.jkfraser.com\/wp-content\/uploads\/2025\/12\/image-41.png 720w, https:\/\/animals.jkfraser.com\/wp-content\/uploads\/2025\/12\/image-41-300x167.png 300w\" sizes=\"auto, (max-width: 720px) 100vw, 720px\" \/><\/figure>\n\n\n\n<p>Un misterioso impulso a la rotaci\u00f3n de la Tierra har\u00e1 del 5 de agosto uno de los d\u00edas m\u00e1s cortos registrados<\/p>\n\n\n\n<p>Un extra\u00f1o cambio en la rotaci\u00f3n de la Tierra est\u00e1 haciendo que nuestros d\u00edas sean milisegundos m\u00e1s cortos, y los cient\u00edficos se apresuran a comprender por qu\u00e9.<\/p>\n\n\n\n<figure class=\"wp-block-image\"><img decoding=\"async\" src=\"https:\/\/cdn.mos.cms.futurecdn.net\/Ph7weoVY89tLdBddc8mWqA.jpg\" alt=\"Un globo girando sobre un fondo verde.\"\/><\/figure>\n\n\n\n<p>Los cient\u00edficos desconocen por qu\u00e9 la Tierra gira m\u00e1s r\u00e1pido.&nbsp;&nbsp;(Cr\u00e9dito de la imagen: the_burtons v\u00eda Getty Images)<\/p>\n\n\n\n<p>Los d\u00edas se est\u00e1n acortando y no s\u00f3lo porque el verano est\u00e1 terminando en el hemisferio norte.<\/p>\n\n\n\n<p>El martes 5 de agosto, el d\u00eda solar de la Tierra ser\u00e1 apenas m\u00e1s corto que las 24 horas habituales, seg\u00fan&nbsp;&nbsp;Timeanddate.com&nbsp;, lo que lo convierte no solo en uno de los d\u00edas m\u00e1s cortos de 2025, sino tambi\u00e9n desde que se comenzaron a llevar registros.<\/p>\n\n\n\n<p>A solo 1,25 milisegundos por debajo de la marca de los 86.400 segundos, no ser\u00e1 perceptible, pero forma parte de una tendencia desconcertante que desconcierta a los cient\u00edficos: la Tierra gira m\u00e1s r\u00e1pido. Tras d\u00e9cadas de desaceleraci\u00f3n, la rotaci\u00f3n de nuestro planeta se ha acelerado en los \u00faltimos a\u00f1os, y los cronometradores no tienen una explicaci\u00f3n definitiva.<\/p>\n\n\n\n<p>Para comprender qu\u00e9 sucede, es \u00fatil definir qu\u00e9 es un d\u00eda. El verdadero per\u00edodo de rotaci\u00f3n de la Tierra \u2014una rotaci\u00f3n completa de 360 \u200b\u200bgrados con respecto a las estrellas de fondo\u2014 dura 23 horas, 56 minutos y 4,1 segundos, seg\u00fan&nbsp;&nbsp;EarthSky&nbsp;. Eso es un d\u00eda sideral, y explica por qu\u00e9 las estrellas y los planetas parecen salir por el este unos cuatro minutos antes cada d\u00eda, y por qu\u00e9 el cielo nocturno cambia con las estaciones. Despu\u00e9s de todo,&nbsp;&nbsp;la Tierra&nbsp;&nbsp;recorre su \u00f3rbita alrededor&nbsp;&nbsp;del Sol&nbsp;&nbsp;mientras gira.<\/p>\n\n\n\n<p>Pero el d\u00eda de 24 horas que nos rige es un d\u00eda solar, medido no con las estrellas, sino con una sola: el sol. Por lo tanto, un d\u00eda se mide de mediod\u00eda a mediod\u00eda, lo que equivale a 24 horas, o 86.400 segundos. Es esta medida la que misteriosamente parece ser m\u00e1s corta de lo que deber\u00eda ser.<\/p>\n\n\n\n<p>Hay tres fechas en 2025 en las que los cient\u00edficos predijeron que el d\u00eda solar de la Tierra ser\u00eda m\u00e1s corto que 24 horas: el 9 de julio (1,23 milisegundos menos que 24 horas), el 22 de julio (1,36 milisegundos) y el 5 de agosto. Sin embargo, el m\u00e1s corto hasta ahora fue 1,66 milisegundos menos que 24 horas el 5 de julio de 2024.<\/p>\n\n\n\n<p>Desde que comenzaron los registros oficiales en 1973, el d\u00eda solar terrestre se ha alargado constantemente, principalmente debido a&nbsp;&nbsp;la Luna&nbsp;. Al orbitar la Tierra, la Luna genera fricci\u00f3n, lo que provoca que su trayectoria orbital se aleje a\u00fan m\u00e1s. Al hacerlo, la energ\u00eda rotacional de la Tierra se transfiere a la Luna, lo que ralentiza la rotaci\u00f3n terrestre y, por lo tanto, alarga los d\u00edas.<\/p>\n\n\n\n<p>De igual manera, la posici\u00f3n exacta de la Luna ayuda a los cient\u00edficos a determinar el 9 y el 22 de julio, y el 5 de agosto, como los d\u00edas exactos en que la Tierra experimentar\u00e1 un d\u00eda solar m\u00e1s r\u00e1pido. En estas tres fechas, las variaciones en la posici\u00f3n de la Luna con respecto al ecuador terrestre, en particular su declinaci\u00f3n, pueden influir en las fuerzas de marea que afectan sutilmente la velocidad de rotaci\u00f3n de la Tierra.<\/p>\n\n\n\n<p>Si la Luna causa fluctuaciones a corto plazo en la velocidad de rotaci\u00f3n de la Tierra, las razones subyacentes de su aumento en los \u00faltimos a\u00f1os son menos conocidas. Aunque se ha&nbsp;&nbsp;sugerido&nbsp;&nbsp;que el calentamiento global podr\u00eda estar influyendo, es m\u00e1s probable que la causa principal de la aceleraci\u00f3n sea la rotaci\u00f3n m\u00e1s lenta del n\u00facleo l\u00edquido de la Tierra, lo que acelera la rotaci\u00f3n del resto del planeta.<\/p>\n\n\n\n<p>No notaremos los cambios en la rotaci\u00f3n de la Tierra el 5 de agosto, pero si la situaci\u00f3n contin\u00faa hasta 2029, se podr\u00eda agregar un segundo intercalar negativo, por primera vez en la historia.<\/p>\n","protected":false},"excerpt":{"rendered":"<div class=\"mh-excerpt\"><p>Un misterioso impulso a la rotaci\u00f3n de la Tierra har\u00e1 del 5 de agosto uno de los d\u00edas m\u00e1s cortos registrados Un extra\u00f1o cambio en <a class=\"mh-excerpt-more\" href=\"https:\/\/animals.jkfraser.com\/?p=806\" title=\"\u00daLTIMA HORA confirma que el 5 de agosto la Tierra comenzar\u00e1 a\u2026\">[&#8230;]<\/a><\/p>\n<\/div>","protected":false},"author":1,"featured_media":824,"comment_status":"open","ping_status":"open","sticky":false,"template":"","format":"standard","meta":{"footnotes":""},"categories":[1],"tags":[],"class_list":["post-806","post","type-post","status-publish","format-standard","has-post-thumbnail","hentry","category-uncategorised"],"_links":{"self":[{"href":"https:\/\/animals.jkfraser.com\/index.php?rest_route=\/wp\/v2\/posts\/806","targetHints":{"allow":["GET"]}}],"collection":[{"href":"https:\/\/animals.jkfraser.com\/index.php?rest_route=\/wp\/v2\/posts"}],"about":[{"href":"https:\/\/animals.jkfraser.com\/index.php?rest_route=\/wp\/v2\/types\/post"}],"author":[{"embeddable":true,"href":"https:\/\/animals.jkfraser.com\/index.php?rest_route=\/wp\/v2\/users\/1"}],"replies":[{"embeddable":true,"href":"https:\/\/animals.jkfraser.com\/index.php?rest_route=%2Fwp%2Fv2%2Fcomments&post=806"}],"version-history":[{"count":1,"href":"https:\/\/animals.jkfraser.com\/index.php?rest_route=\/wp\/v2\/posts\/806\/revisions"}],"predecessor-version":[{"id":825,"href":"https:\/\/animals.jkfraser.com\/index.php?rest_route=\/wp\/v2\/posts\/806\/revisions\/825"}],"wp:featuredmedia":[{"embeddable":true,"href":"https:\/\/animals.jkfraser.com\/index.php?rest_route=\/wp\/v2\/media\/824"}],"wp:attachment":[{"href":"https:\/\/animals.jkfraser.com\/index.php?rest_route=%2Fwp%2Fv2%2Fmedia&parent=806"}],"wp:term":[{"taxonomy":"category","embeddable":true,"href":"https:\/\/animals.jkfraser.com\/index.php?rest_route=%2Fwp%2Fv2%2Fcategories&post=806"},{"taxonomy":"post_tag","embeddable":true,"href":"https:\/\/animals.jkfraser.com\/index.php?rest_route=%2Fwp%2Fv2%2Ftags&post=806"}],"curies":[{"name":"wp","href":"https:\/\/api.w.org\/{rel}","templated":true}]}}