{"id":762,"date":"2025-12-04T09:55:32","date_gmt":"2025-12-04T09:55:32","guid":{"rendered":"https:\/\/animals.jkfraser.com\/?p=762"},"modified":"2025-12-04T09:55:32","modified_gmt":"2025-12-04T09:55:32","slug":"grettell-valdez-se-conmovio-al-hablar-de-su-hijo-asi-luce-santino-ahora-a-los-17-anos-tras-mudarse-al-extranjero","status":"publish","type":"post","link":"https:\/\/animals.jkfraser.com\/?p=762","title":{"rendered":"Grettell Valdez se conmovi\u00f3 al hablar de su hijo: as\u00ed luce Santino ahora, a los 17 a\u00f1os, tras mudarse al extranjero"},"content":{"rendered":"\n<figure class=\"wp-block-image size-large\"><img loading=\"lazy\" decoding=\"async\" width=\"1024\" height=\"512\" src=\"https:\/\/animals.jkfraser.com\/wp-content\/uploads\/2025\/12\/image-26-1024x512.png\" alt=\"\" class=\"wp-image-773\" srcset=\"https:\/\/animals.jkfraser.com\/wp-content\/uploads\/2025\/12\/image-26-1024x512.png 1024w, https:\/\/animals.jkfraser.com\/wp-content\/uploads\/2025\/12\/image-26-300x150.png 300w, https:\/\/animals.jkfraser.com\/wp-content\/uploads\/2025\/12\/image-26-768x384.png 768w, https:\/\/animals.jkfraser.com\/wp-content\/uploads\/2025\/12\/image-26.png 1200w\" sizes=\"auto, (max-width: 1024px) 100vw, 1024px\" \/><\/figure>\n\n\n\n<p>rettell Valdez comparti\u00f3 un momento muy personal relacionado con su hijo adolescente. La actriz habl\u00f3 con sinceridad sobre lo que signific\u00f3 para ella este cambio en su vida familiar, generando empat\u00eda entre sus seguidores.<\/p>\n\n\n\n<p>Grettell Valdez abri\u00f3 su coraz\u00f3n al hablar sobre la partida de su hijo Santino, quien decidi\u00f3 continuar sus estudios en Europa. La actriz, visiblemente afectada, comparti\u00f3 c\u00f3mo ha sido este proceso de adaptaci\u00f3n y cu\u00e1les son los sentimientos que predominan ahora que vive sin su hijo.<\/p>\n\n\n\n<figure class=\"wp-block-image\"><img decoding=\"async\" src=\"https:\/\/cdn.morelimedia.com\/0e131f21567d7b953db5bf768425bc5d69b5ce6e229c9be2b994a8097a661655.jpg\" alt=\"Grettell Valdez posa durante la presentaci\u00f3n de la telenovela &quot;La historia de Juana&quot; en Televisa San \u00c1ngel el 29 de mayo de 2024 en Ciudad de M\u00e9xico, M\u00e9xico | Fuente: Getty Images\"\/><\/figure>\n\n\n\n<p>Grettell Valdez posa durante la presentaci\u00f3n de la telenovela &#8220;La historia de Juana&#8221; en Televisa San \u00c1ngel el 29 de mayo de 2024 en Ciudad de M\u00e9xico, M\u00e9xico | Fuente: Getty Images<\/p>\n\n\n\n<p>La mudanza de Santino gener\u00f3 reacciones entre los seguidores de la artista, muchos de ellos madres que se identificaron con sus palabras. A trav\u00e9s de redes sociales, dejaron mensajes de aliento en un momento cargado de emociones encontradas para la familia.<\/p>\n\n\n\n<h2 class=\"wp-block-heading\"><strong>La decisi\u00f3n de Santino y la reacci\u00f3n de su madre<\/strong><\/h2>\n\n\n\n<p>Santino, el \u00fanico&nbsp;<a href=\"https:\/\/peopleenespanol.com\/grettell-valdez-tiene-el-corazon-roto-a-causa-de-su-hijo-8783322\" target=\"_blank\" rel=\"noreferrer noopener\">hijo<\/a>&nbsp;de Grettell Valdez y Patricio Borghetti, tom\u00f3 la decisi\u00f3n de dejar M\u00e9xico para estudiar la preparatoria en Europa. La actriz confes\u00f3 que la decisi\u00f3n de su hijo le result\u00f3 dif\u00edcil de asimilar: &#8220;Me llena de emoci\u00f3n y de orgullo&#8221;,&nbsp;<a href=\"https:\/\/peopleenespanol.com\/grettell-valdez-tiene-el-corazon-roto-a-causa-de-su-hijo-8783322\" target=\"_blank\" rel=\"noreferrer noopener\">declar\u00f3<\/a>&nbsp;al programa de televisi\u00f3n mexicano &#8220;Ventaneando&#8221;.<\/p>\n\n\n\n<figure class=\"wp-block-embed\"><div class=\"wp-block-embed__wrapper\">\nhttps:\/\/if-cdn.com\/xipwDgyv?_showcaption=false&#038;app=1\n<\/div><\/figure>\n\n\n\n<p>Durante la entrevista, Valdez&nbsp;<a href=\"https:\/\/peopleenespanol.com\/grettell-valdez-tiene-el-corazon-roto-a-causa-de-su-hijo-8783322\" target=\"_blank\" rel=\"noreferrer noopener\">cont\u00f3<\/a>&nbsp;que viaj\u00f3 recientemente a Europa para conocer la escuela donde Santino estudiar\u00e1 por dos a\u00f1os. &#8220;Estoy entre feliz, esto de mam\u00e1 que es orgullo de hijo que se va a estudiar, pero a la vez s\u00ed me est\u00e1 costando&#8221;,&nbsp;<a href=\"https:\/\/peopleenespanol.com\/grettell-valdez-tiene-el-corazon-roto-a-causa-de-su-hijo-8783322\" target=\"_blank\" rel=\"noreferrer noopener\">expres\u00f3<\/a>. Tambi\u00e9n asegur\u00f3: &#8220;Lo voy a extra\u00f1ar, obviamente, pero voy a verlo. Estar\u00e9 ah\u00ed siempre con \u00e9l. No tengo nada que me ate en M\u00e9xico, as\u00ed que estar\u00e9 cien por ciento para mi hijo&#8221;.<\/p>\n\n\n\n<p>La actriz explic\u00f3 que su hijo asistir\u00e1 a una escuela art\u00edstica en Londres y que sus planes incluyen estudiar en la universidad una vez termine la preparatoria: &#8220;Santino se quiere ir dos a\u00f1os y de ah\u00ed se va a estudiar la universidad&#8221;,&nbsp;<a href=\"https:\/\/peopleenespanol.com\/grettell-valdez-tiene-el-corazon-roto-a-causa-de-su-hijo-8783322\" target=\"_blank\" rel=\"noreferrer noopener\">detall\u00f3<\/a>.<\/p>\n\n\n\n<figure class=\"wp-block-embed\"><div class=\"wp-block-embed__wrapper\">\nhttps:\/\/if-cdn.com\/7HTYJvGE?_showcaption=false&#038;app=1\n<\/div><\/figure>\n\n\n\n<h2 class=\"wp-block-heading\"><strong>La vida en casa tras la partida de su hijo<\/strong><\/h2>\n\n\n\n<p>En otra entrevista, Grettell describi\u00f3 c\u00f3mo ha cambiado su d\u00eda a d\u00eda sin la presencia de Santino en casa. La actriz&nbsp;<a href=\"https:\/\/www.instagram.com\/reel\/DRkRFZnDQ4O\/\" target=\"_blank\" rel=\"noreferrer noopener\">relat\u00f3<\/a>&nbsp;uno de los momentos m\u00e1s representativos de su nueva rutina:<\/p>\n\n\n\n<blockquote class=\"wp-block-quote is-layout-flow wp-block-quote-is-layout-flow\">\n<p>\u201cVerlo contento y saberlo feliz es lo que me da como la energ\u00eda para no extra\u00f1ar esa puertita cuando me tocaba en las noches y me dec\u00eda: &#8216;mam\u00e1 buenas noches&#8217;. Y se me aventaba la cama y yo\u2026 ahora te juro que me voy a acostar y volteo a ver la puerta y es inevitable. Cambiemos de tema, por favor\u201d.<\/p>\n<\/blockquote>\n\n\n\n<p>Estas palabras reflejaron la dificultad emocional que le provoca la ausencia de su hijo. La nostalgia que transmite se hizo eco en muchas madres que han vivido procesos similares.<\/p>\n\n\n\n<h2 class=\"wp-block-heading\"><strong>La respuesta del p\u00fablico en redes sociales<\/strong><\/h2>\n\n\n\n<p>Las declaraciones de Grettell despertaron una ola de empat\u00eda en redes sociales. Muchas madres compartieron sus propias experiencias y sentimientos. Una usuaria&nbsp;<a href=\"https:\/\/www.instagram.com\/p\/DRkRFZnDQ4O\/c\/18422207191114094\/\" target=\"_blank\" rel=\"noreferrer noopener\">coment\u00f3<\/a>:&nbsp;<em>&#8220;Siiii, c\u00e1mbiele de tema, te entiendo perfecto. Se queda una vac\u00eda sin que nadie pueda llenar ese espacio que solo los hijos nos dan. Hermosa Grettell, esperar con ansias sus visitas y a contar los d\u00edas cuando hay vacaciones \u2764\ufe0f\ud83d\ude4f\u2764\ufe0f&#8221;<\/em>&nbsp;.<\/p>\n\n\n\n<p>Otra seguidora&nbsp;<a href=\"https:\/\/www.instagram.com\/p\/DRkRFZnDQ4O\/c\/18070612898366751\/\" target=\"_blank\" rel=\"noreferrer noopener\">escribi\u00f3<\/a>:&nbsp;<em>&#8220;Ay, s\u00ed. Nuestro coraz\u00f3n \u2665\ufe0f de mam\u00e1 cuando un hijo se va se parte y da un baj\u00f3n muy fuerte, pero es la ley de la vida&#8230; pero infinitas bendiciones para esos hijos que se van a otra parte a hacer su vida&#8221;.<\/em><\/p>\n\n\n\n<p>Una tercera seguidora&nbsp;<a href=\"https:\/\/www.instagram.com\/p\/DRkRFZnDQ4O\/c\/18064197905166503\/\" target=\"_blank\" rel=\"noreferrer noopener\">expres\u00f3<\/a>:&nbsp;<em>&#8220;La comprendo. Tengo a un hijo lejos y me parto cuando recuerdo la realidad de que se fue, pero s\u00e9 que est\u00e1 mejor. Pero siempre duele no tener ese pedazo de uno&#8221;<\/em>.<\/p>\n\n\n\n<p>Estas palabras reflejan el impacto emocional que la maternidad puede tener cuando los hijos parten para comenzar una nueva etapa lejos de casa.<\/p>\n\n\n\n<figure class=\"wp-block-embed\"><div class=\"wp-block-embed__wrapper\">\nhttps:\/\/if-cdn.com\/VsEbxZXx?_showcaption=false&#038;app=1\n<\/div><\/figure>\n\n\n\n<h2 class=\"wp-block-heading\"><strong>La nueva vida de Santino en Europa<\/strong><\/h2>\n\n\n\n<p>En su cuenta de Instagram, tanto Grettell como Santino han compartido im\u00e1genes del joven en Londres. El siguiente carrusel muestra diferentes momentos compartidos en familia. En una de las fotos, se puede ver al joven sosteniendo un collage de fotos familiares. Otra instant\u00e1nea lo muestra interesado en diferentes obras de arte.<\/p>\n\n\n\n<figure class=\"wp-block-embed\"><div class=\"wp-block-embed__wrapper\">\nhttps:\/\/if-cdn.com\/6xpV8owz?_showcaption=false&#038;app=1\n<\/div><\/figure>\n\n\n\n<p>Los seguidores dejaron mensajes de admiraci\u00f3n hacia la decisi\u00f3n familiar de Grettell. Una persona&nbsp;<a href=\"https:\/\/www.instagram.com\/p\/DOWN1QOEfQv\/c\/18122899018484590\/?img_index=1\" target=\"_blank\" rel=\"noreferrer noopener\">coment\u00f3<\/a>:&nbsp;<em>&#8220;Wow, qu\u00e9 momento tan emotivo de cambio. Admirable de padres con mucho amor y respeto a su hijo \ud83d\udc4f\ud83d\ude4c&#8221;<\/em>.&nbsp;<em>&#8220;Qu\u00e9 bellas fotos, Santi siempre ha sido un ni\u00f1o feliz gracias a la madurez emocional y mental de sus padres wow\ud83d\udc4f\ud83d\udc4f\ud83d\udc4f\ud83d\udc4f\ud83d\udc4f\u2764\ufe0f\ud83d\ude4c&#8221;,&nbsp;<\/em><a href=\"https:\/\/www.instagram.com\/p\/DOWN1QOEfQv\/c\/17996320508674180\/?img_index=1\" target=\"_blank\" rel=\"noreferrer noopener\">escribi\u00f3<\/a>&nbsp;otra persona.<\/p>\n\n\n\n<figure class=\"wp-block-embed\"><div class=\"wp-block-embed__wrapper\">\nhttps:\/\/if-cdn.com\/in6W08IL?_showcaption=false&#038;app=1\n<\/div><\/figure>\n\n\n\n<h2 class=\"wp-block-heading\"><strong>Una etapa nueva para ambos<\/strong><\/h2>\n\n\n\n<p>Aunque la distancia marca una nueva din\u00e1mica familiar, tanto Grettell Valdez como Santino contin\u00faan compartiendo sus vivencias con sus seguidores. Las palabras de la actriz, llenas de honestidad, reflejan una experiencia que muchas madres viven cuando sus hijos deciden volar hacia su propio futuro.<\/p>\n","protected":false},"excerpt":{"rendered":"<div class=\"mh-excerpt\"><p>rettell Valdez comparti\u00f3 un momento muy personal relacionado con su hijo adolescente. La actriz habl\u00f3 con sinceridad sobre lo que signific\u00f3 para ella este cambio <a class=\"mh-excerpt-more\" href=\"https:\/\/animals.jkfraser.com\/?p=762\" title=\"Grettell Valdez se conmovi\u00f3 al hablar de su hijo: as\u00ed luce Santino ahora, a los 17 a\u00f1os, tras mudarse al extranjero\">[&#8230;]<\/a><\/p>\n<\/div>","protected":false},"author":1,"featured_media":773,"comment_status":"open","ping_status":"open","sticky":false,"template":"","format":"standard","meta":{"footnotes":""},"categories":[1],"tags":[],"class_list":["post-762","post","type-post","status-publish","format-standard","has-post-thumbnail","hentry","category-uncategorised"],"_links":{"self":[{"href":"https:\/\/animals.jkfraser.com\/index.php?rest_route=\/wp\/v2\/posts\/762","targetHints":{"allow":["GET"]}}],"collection":[{"href":"https:\/\/animals.jkfraser.com\/index.php?rest_route=\/wp\/v2\/posts"}],"about":[{"href":"https:\/\/animals.jkfraser.com\/index.php?rest_route=\/wp\/v2\/types\/post"}],"author":[{"embeddable":true,"href":"https:\/\/animals.jkfraser.com\/index.php?rest_route=\/wp\/v2\/users\/1"}],"replies":[{"embeddable":true,"href":"https:\/\/animals.jkfraser.com\/index.php?rest_route=%2Fwp%2Fv2%2Fcomments&post=762"}],"version-history":[{"count":1,"href":"https:\/\/animals.jkfraser.com\/index.php?rest_route=\/wp\/v2\/posts\/762\/revisions"}],"predecessor-version":[{"id":774,"href":"https:\/\/animals.jkfraser.com\/index.php?rest_route=\/wp\/v2\/posts\/762\/revisions\/774"}],"wp:featuredmedia":[{"embeddable":true,"href":"https:\/\/animals.jkfraser.com\/index.php?rest_route=\/wp\/v2\/media\/773"}],"wp:attachment":[{"href":"https:\/\/animals.jkfraser.com\/index.php?rest_route=%2Fwp%2Fv2%2Fmedia&parent=762"}],"wp:term":[{"taxonomy":"category","embeddable":true,"href":"https:\/\/animals.jkfraser.com\/index.php?rest_route=%2Fwp%2Fv2%2Fcategories&post=762"},{"taxonomy":"post_tag","embeddable":true,"href":"https:\/\/animals.jkfraser.com\/index.php?rest_route=%2Fwp%2Fv2%2Ftags&post=762"}],"curies":[{"name":"wp","href":"https:\/\/api.w.org\/{rel}","templated":true}]}}