{"id":761,"date":"2025-12-04T09:55:08","date_gmt":"2025-12-04T09:55:08","guid":{"rendered":"https:\/\/animals.jkfraser.com\/?p=761"},"modified":"2025-12-04T09:55:09","modified_gmt":"2025-12-04T09:55:09","slug":"como-adela-noriega-rechazo-la-propuesta-de-matrimonio-de-fernando-carrillo-video","status":"publish","type":"post","link":"https:\/\/animals.jkfraser.com\/?p=761","title":{"rendered":"C\u00f3mo Adela Noriega rechaz\u00f3 la propuesta de matrimonio de Fernando Carrillo \u2014 Video"},"content":{"rendered":"\n<figure class=\"wp-block-image size-large\"><img loading=\"lazy\" decoding=\"async\" width=\"1024\" height=\"512\" src=\"https:\/\/animals.jkfraser.com\/wp-content\/uploads\/2025\/12\/image-25-1024x512.png\" alt=\"\" class=\"wp-image-770\" srcset=\"https:\/\/animals.jkfraser.com\/wp-content\/uploads\/2025\/12\/image-25-1024x512.png 1024w, https:\/\/animals.jkfraser.com\/wp-content\/uploads\/2025\/12\/image-25-300x150.png 300w, https:\/\/animals.jkfraser.com\/wp-content\/uploads\/2025\/12\/image-25-768x384.png 768w, https:\/\/animals.jkfraser.com\/wp-content\/uploads\/2025\/12\/image-25.png 1200w\" sizes=\"auto, (max-width: 1024px) 100vw, 1024px\" \/><\/figure>\n\n\n\n<p>na de las parejas m\u00e1s recordadas de las telenovelas mexicanas vivi\u00f3 una historia fuera del set que pocos conocen. Lo que comenz\u00f3 como una conexi\u00f3n art\u00edstica termin\u00f3 en un gesto que marcar\u00eda para siempre la vida del actor venezolano.<\/p>\n\n\n\n<p>Durante los a\u00f1os noventa, dos estrellas de la televisi\u00f3n protagonizaron una historia que trascendi\u00f3 la pantalla. Su qu\u00edmica fue tan evidente que el p\u00fablico crey\u00f3 que la ficci\u00f3n hab\u00eda dado paso a un amor en la realidad.<\/p>\n\n\n\n<p>Sin embargo, el propio gal\u00e1n venezolano revel\u00f3 a\u00f1os despu\u00e9s que la realidad fue distinta. En entrevistas y publicaciones en redes sociales, Fernando Carrillo relat\u00f3 c\u00f3mo Adela Noriega lo conquist\u00f3 durante el rodaje de la telenovela &#8220;Mar\u00eda Isabel&#8221;.<\/p>\n\n\n\n<figure class=\"wp-block-image\"><img decoding=\"async\" src=\"https:\/\/cdn.morelimedia.com\/8db4465ed8f54a292cf3cb8dd8d0a30b07f5a3d4e54b87f86e47961a345017bb.png\" alt=\"Adela Noriega como Mar\u00eda Isabel y Fernando Carrillo como Ricardo Mendiola en la telenovela &quot;Mar\u00eda Isabel&quot; | Fuente: YouTube\/Imagen Entretenimiento\"\/><\/figure>\n\n\n\n<p>Adela Noriega como Mar\u00eda Isabel y Fernando Carrillo como Ricardo Mendiola en la telenovela &#8220;Mar\u00eda Isabel&#8221; | Fuente: YouTube\/Imagen Entretenimiento<\/p>\n\n\n\n<p>Tambi\u00e9n confes\u00f3 que su historia no tuvo el final que \u00e9l so\u00f1\u00f3, luego de recibir una respuesta inesperada a una propuesta que cambi\u00f3 su destino. M\u00e1s de dos d\u00e9cadas despu\u00e9s, sus declaraciones siguen despertando curiosidad y nostalgia entre los fan\u00e1ticos de los melodramas.<\/p>\n\n\n\n<h2 class=\"wp-block-heading\"><strong>Quienes son Adela Noriega y Fernando Carrillo<\/strong><\/h2>\n\n\n\n<p>Adela Noriega es una actriz mexicana nacida en Ciudad de M\u00e9xico en 1969. Se dio a conocer en la d\u00e9cada de 1980 con telenovelas que&nbsp;<a href=\"https:\/\/www.imdb.com\/name\/nm0635321\/\" target=\"_blank\" rel=\"noreferrer noopener\">marcaron<\/a>&nbsp;una generaci\u00f3n, como &#8220;Quincea\u00f1era&#8221; (1987), &#8220;Dulce desaf\u00edo&#8221; (1988), &#8220;Guadalupe&#8221; (1993) y &#8220;Mar\u00eda Bonita&#8221; (1995).<\/p>\n\n\n\n<figure class=\"wp-block-image\"><img decoding=\"async\" src=\"https:\/\/cdn.morelimedia.com\/2a244eb1f514d66bd724d2a24de91fc52df340c280297d5ede3040c4441c1912.jpg\" alt=\"Adela Noriega en &quot;Encuentro Emociones&quot; en el Hotel Mandarin Oriental el 22 de junio de 2005 en Miami, Florida. | Fuente: Getty Images\"\/><\/figure>\n\n\n\n<p>Adela Noriega en &#8220;Encuentro Emociones&#8221; en el Hotel Mandarin Oriental el 22 de junio de 2005 en Miami, Florida. | Fuente: Getty Images<\/p>\n\n\n\n<p>Con su actuaci\u00f3n en &#8220;Mar\u00eda Isabel&#8221;, logr\u00f3 consolidarse como una de las int\u00e9rpretes m\u00e1s queridas de Am\u00e9rica Latina. La actriz construy\u00f3 una carrera destacada, protagonizando melodramas de gran \u00e9xito producidos por Televisa.<\/p>\n\n\n\n<p>En ellos, interpret\u00f3 a mujeres fuertes y de gran car\u00e1cter, lo que la convirti\u00f3 en un \u00edcono de las telenovelas mexicanas. A pesar de su fama, Adela opt\u00f3 por mantener su vida privada alejada del ojo p\u00fablico, evitando entrevistas o apariciones medi\u00e1ticas.<\/p>\n\n\n\n<figure class=\"wp-block-image\"><img decoding=\"async\" src=\"https:\/\/cdn.morelimedia.com\/84ae49f4672a99123483e20fbc651496f16d84737fd5c88510f0b4a78aab5c82.jpg\" alt=\"Adela Noriega habla en el Golden Bear Theater de Six Flags Magic Mountain el 28 de junio de 2009 en Valencia, California. | Fuente: Getty Images\"\/><\/figure>\n\n\n\n<p>Adela Noriega habla en el Golden Bear Theater de Six Flags Magic Mountain el 28 de junio de 2009 en Valencia, California. | Fuente: Getty Images<\/p>\n\n\n\n<p>Fernando Carrillo, por su parte, es un actor venezolano&nbsp;<a href=\"https:\/\/www.imdb.com\/name\/nm0140488\/\" target=\"_blank\" rel=\"noreferrer noopener\">nacido<\/a>&nbsp;en Caracas en 1970. Su carrera comenz\u00f3 en su pa\u00eds con telenovelas como &#8220;Abiga\u00edl&#8221; y &#8220;Pasionaria&#8221;, donde trabaj\u00f3 junto a Catherine Fulop, con quien se cas\u00f3 en 1990.<\/p>\n\n\n\n<p>Tras su divorcio en 1994, Carrillo lleg\u00f3 a M\u00e9xico y encontr\u00f3 el \u00e9xito internacional al protagonizar &#8220;Mar\u00eda Isabel&#8221; junto a Adela Noriega. El actor se consolid\u00f3 como uno de los galanes m\u00e1s reconocidos de la televisi\u00f3n latinoamericana.<\/p>\n\n\n\n<figure class=\"wp-block-embed\"><div class=\"wp-block-embed__wrapper\">\nhttps:\/\/if-cdn.com\/WoDq3rvh?_showcaption=false&#038;app=1\n<\/div><\/figure>\n\n\n\n<p>Su carisma y presencia en pantalla lo llevaron a trabajar en producciones de gran alcance, que lo convirtieron en una figura popular. A lo largo de los a\u00f1os, ha mantenido una relaci\u00f3n cercana con sus seguidores y no ha dudado en compartir recuerdos de su carrera y de sus compa\u00f1eras m\u00e1s queridas.<\/p>\n\n\n\n<h2 class=\"wp-block-heading\"><strong>La historia contada por Fernando Carrillo<\/strong><\/h2>\n\n\n\n<p>La conexi\u00f3n entre Fernando Carrillo y Adela Noriega&nbsp;<a href=\"https:\/\/www.univision.com\/entretenimiento\/celebridades\/adela-noriega-dejo-enamorado-a-fernando-carrillo-aunque-no-fue-correspondido-fotos\" target=\"_blank\" rel=\"noreferrer noopener\">naci\u00f3<\/a>&nbsp;cuando ambos protagonizaron la telenovela &#8220;Mar\u00eda Isabel&#8221;. La qu\u00edmica entre los actores fue tan fuerte que los rumores de un posible romance surgieron de inmediato.<\/p>\n\n\n\n<p>Sin embargo, el propio Carrillo aclar\u00f3 m\u00e1s tarde que, aunque hubo sentimientos de su parte, nunca fueron pareja. En una publicaci\u00f3n del 19 de julio de 2018, el actor&nbsp;<a href=\"https:\/\/www.instagram.com\/ferrcarrillo\/p\/Blbnb07nnCv\/\" target=\"_blank\" rel=\"noreferrer noopener\">escribi\u00f3<\/a>&nbsp;en Instagram:<\/p>\n\n\n\n<p>&#8220;\u00bfLes confieso algo? Esta ni\u00f1a me rob\u00f3 el coraz\u00f3n hace 20 a\u00f1os, cuando hicimos &#8216;Mar\u00eda Isabel'&#8221;. Acompa\u00f1\u00f3 el mensaje con una fotograf\u00eda de ambos durante las grabaciones.<\/p>\n\n\n\n<p>Carrillo&nbsp;<a href=\"https:\/\/www.instagram.com\/ferrcarrillo\/p\/Blbnb07nnCv\/\" target=\"_blank\" rel=\"noreferrer noopener\">a\u00f1adi\u00f3<\/a>&nbsp;en esa misma publicaci\u00f3n: &#8220;Un beso inmenso a donde quiera que est\u00e9s mi bella y siempre adorada Adela Noriega. Sigamos todos bendecidos&#8221;. Sus seguidores llenaron la publicaci\u00f3n de comentarios, recordando la simpat\u00eda que ambos despertaron en su momento.<\/p>\n\n\n\n<p>En 2014, durante una entrevista en el programa &#8220;En compa\u00f1\u00eda de&#8221; con Gustavo Adolfo Infante, el actor ofreci\u00f3 m\u00e1s detalles de sus sentimientos. &#8220;De Adela me enamor\u00e9, tal vez porque ven\u00eda de un divorcio y quer\u00eda enamorarme de algo parecido a lo que hab\u00eda sido mi primer matrimonio&#8221;,&nbsp;<a href=\"https:\/\/www.univision.com\/entretenimiento\/celebridades\/adela-noriega-dejo-enamorado-a-fernando-carrillo-aunque-no-fue-correspondido-fotos\" target=\"_blank\" rel=\"noreferrer noopener\">relat\u00f3<\/a>.<\/p>\n\n\n\n<p>Adem\u00e1s,&nbsp;<a href=\"https:\/\/www.univision.com\/entretenimiento\/celebridades\/adela-noriega-dejo-enamorado-a-fernando-carrillo-aunque-no-fue-correspondido-fotos\" target=\"_blank\" rel=\"noreferrer noopener\">confes\u00f3<\/a>: &#8220;En realidad me enamor\u00e9 yo creo que solo. En alg\u00fan momento me hizo sentir que s\u00ed se enamor\u00f3 de m\u00ed, pero no&#8221;. El actor&nbsp;<a href=\"https:\/\/www.univision.com\/entretenimiento\/celebridades\/adela-noriega-dejo-enamorado-a-fernando-carrillo-aunque-no-fue-correspondido-fotos\" target=\"_blank\" rel=\"noreferrer noopener\">fue claro<\/a>&nbsp;respecto a la naturaleza de su relaci\u00f3n: &#8220;No puedo decir que fuimos novios, fuimos grandes compa\u00f1eros y grandes amigos&#8221;.<\/p>\n\n\n\n<p>Y no dud\u00f3 en&nbsp;<a href=\"https:\/\/www.univision.com\/entretenimiento\/celebridades\/adela-noriega-dejo-enamorado-a-fernando-carrillo-aunque-no-fue-correspondido-fotos\" target=\"_blank\" rel=\"noreferrer noopener\">elogiar<\/a>&nbsp;a su colega mexicana: &#8220;Es una artista hermosa y misteriosa con la que me gustar\u00eda volver a trabajar&#8221;.<\/p>\n\n\n\n<p>En otra publicaci\u00f3n del 6 de octubre de 2018, volvi\u00f3 a&nbsp;<a href=\"https:\/\/www.instagram.com\/ferrcarrillo\/p\/BomXmviijLW\/\" target=\"_blank\" rel=\"noreferrer noopener\">mencionarla<\/a>: &#8220;Mi Bella ADELA; siempre vives y vivir\u00e1s en mi coraz\u00f3n. Hasta pronto. Besitos y bendiciones infinitas. Agradecido siempre a mi adorada @carlaestradawest quien me trajo a @televisa en 1997&#8221;.<\/p>\n\n\n\n<p>Con esas palabras, reafirm\u00f3 el cari\u00f1o y respeto que a\u00fan conserva hacia su excompa\u00f1era.<\/p>\n\n\n\n<figure class=\"wp-block-embed\"><div class=\"wp-block-embed__wrapper\">\nhttps:\/\/if-cdn.com\/Z9Wypb8z?_showcaption=false&#038;app=1\n<\/div><\/figure>\n\n\n\n<h2 class=\"wp-block-heading\"><strong>La propuesta de matrimonio que no fue<\/strong><\/h2>\n\n\n\n<p>En una entrevista publicada en YouTube el 28 de septiembre de 2024, Fernando Carrillo record\u00f3 uno de los momentos m\u00e1s significativos de su vida. El actor relat\u00f3 c\u00f3mo decidi\u00f3 proponer matrimonio a Adela Noriega durante la \u00e9poca en que trabajaban juntos.<\/p>\n\n\n\n<p>&#8220;Tan bella Adela\u2026 es con la protagonista que m\u00e1s qu\u00edmica tuve. Es una mujer hermosa, enigm\u00e1tica, misteriosa y una belleza cl\u00e1sica&#8221;,&nbsp;<a href=\"https:\/\/www.youtube.com\/watch?v=DltGcAyyLhw\" target=\"_blank\" rel=\"noreferrer noopener\">comenz\u00f3<\/a>&nbsp;diciendo.<\/p>\n\n\n\n<figure class=\"wp-block-image\"><img decoding=\"async\" src=\"https:\/\/cdn.morelimedia.com\/83e16eadc3ceaf74e19c629ce4599a131be158412405d5f82c7ffa64244e14f6.png\" alt=\"Fernando Carrillo como Ricardo Mendiola y Adela Noriega como Mar\u00eda Isabel, durante la propuesta de matrimonio en la telenovela &quot;Mar\u00eda Isabel&quot; | Fuente: YouTube\/Imagen Entretenimiento\"\/><\/figure>\n\n\n\n<p>Fernando Carrillo como Ricardo Mendiola y Adela Noriega como Mar\u00eda Isabel, durante la propuesta de matrimonio en la telenovela &#8220;Mar\u00eda Isabel&#8221; | Fuente: YouTube\/Imagen Entretenimiento<\/p>\n\n\n\n<p>Sobre el instante en que se arm\u00f3 de valor para proponerle matrimonio, Carrillo&nbsp;<a href=\"https:\/\/www.youtube.com\/watch?v=DltGcAyyLhw\" target=\"_blank\" rel=\"noreferrer noopener\">confes\u00f3<\/a>:<\/p>\n\n\n\n<blockquote class=\"wp-block-quote is-layout-flow wp-block-quote-is-layout-flow\">\n<p>&#8220;Creo que fuimos a cenar, si no me equivoco, y despu\u00e9s le puse la cajita dentro de un ramo de flores, se lo di, ella lo vio, y como que se fue, y despu\u00e9s regres\u00f3\u2026 y me dijo:&nbsp;<strong>&#8216;Fer, no puedo&#8217;,<\/strong>&nbsp;y yo como que sent\u00ed un alivio\u2026 pens\u00e9 &#8216;Diosito me est\u00e1 diciendo que a\u00fan no es tiempo de enseriarte'&#8221;.<\/p>\n<\/blockquote>\n\n\n\n<p>Aunque su propuesta fue rechazada, el actor no mostr\u00f3 rencor. Por el contrario, expres\u00f3 que comprendi\u00f3 el momento y lo interpret\u00f3 como una se\u00f1al.<\/p>\n\n\n\n<figure class=\"wp-block-image\"><img decoding=\"async\" src=\"https:\/\/cdn.morelimedia.com\/af58f95cf5f47ed4c6ebc6e9880b285a053f4a6c6701479af96fecc8461ab438.png\" alt=\"Fernando Carrillo en entrevista con Gustavo Adolfo Infante contando c\u00f3mo fue su propuesta de matrimonio a Adela Noriega | Fuente: YouTube\/Imagen Entretenimiento\"\/><\/figure>\n\n\n\n<p>Fernando Carrillo en entrevista con Gustavo Adolfo Infante contando c\u00f3mo fue su propuesta de matrimonio a Adela Noriega | Fuente: YouTube\/Imagen Entretenimiento<\/p>\n\n\n\n<p>&#8220;Seguimos teniendo una linda relaci\u00f3n, seguimos vi\u00e9ndonos, saliendo eventualmente, siempre con inmenso cari\u00f1o, con inmensa admiraci\u00f3n, y no era el momento&#8221;,&nbsp;<a href=\"https:\/\/www.youtube.com\/watch?v=DltGcAyyLhw\" target=\"_blank\" rel=\"noreferrer noopener\">cont\u00f3<\/a>&nbsp;en aquel entonces.<\/p>\n\n\n\n<p>Estas palabras dejaron claro que la relaci\u00f3n entre ambos no se deterior\u00f3 pese a la propuesta fallida. Para Carrillo, Adela Noriega sigue siendo una figura importante y un s\u00edmbolo de admiraci\u00f3n y respeto.<\/p>\n\n\n\n<h2 class=\"wp-block-heading\"><strong>El legado de una historia que sigue viva<\/strong><\/h2>\n\n\n\n<p>La relaci\u00f3n entre Adela Noriega y Fernando Carrillo nunca se convirti\u00f3 en un gran romance, pero dej\u00f3 una huella duradera. Ambos contin\u00faan siendo recordados como una de las parejas m\u00e1s emblem\u00e1ticas de las telenovelas de los noventa.<\/p>\n\n\n\n<figure class=\"wp-block-embed\"><div class=\"wp-block-embed__wrapper\">\nhttps:\/\/if-cdn.com\/Hq6YYxEX?_showcaption=false&#038;app=1\n<\/div><\/figure>\n\n\n\n<p>Su trabajo en &#8220;Mar\u00eda Isabel&#8221; marc\u00f3 una \u00e9poca dorada para el g\u00e9nero. Las declaraciones del actor, tanto en entrevistas como en redes sociales, revelan un afecto genuino y una profunda admiraci\u00f3n.<\/p>\n\n\n\n<p>Aunque&nbsp;<a href=\"https:\/\/morelimedia.com\/461221-revelaron-el-paradero-de-adela-noriega.html\">Adela<\/a>&nbsp;decidi\u00f3 mantener su vida lejos del p\u00fablico, su figura sigue siendo objeto de admiraci\u00f3n por parte de los fan\u00e1ticos. Fernando, por su parte, la&nbsp;<a href=\"http:\/\/youtube.com\/watch?v=DltGcAyyLhw\" target=\"_blank\" rel=\"noreferrer noopener\">record\u00f3<\/a>&nbsp;como &#8220;una mujer hermosa, enigm\u00e1tica y de belleza cl\u00e1sica&#8221;.<\/p>\n\n\n\n<p>M\u00e1s de 25 a\u00f1os despu\u00e9s, su historia sigue inspirando a quienes crecieron viendo sus telenovelas. El rechazo de Adela Noriega a la propuesta de matrimonio de Fernando Carrillo se convirti\u00f3 en un cap\u00edtulo \u00edntimo de una relaci\u00f3n marcada por el respeto.&nbsp;<strong>Mira abajo el video donde Fernando habl\u00f3 de su relaci\u00f3n con Adela Noriega:<\/strong><\/p>\n\n\n\n<figure class=\"wp-block-embed is-type-rich is-provider-embed-handler wp-block-embed-embed-handler wp-embed-aspect-16-9 wp-has-aspect-ratio\"><div class=\"wp-block-embed__wrapper\">\n<iframe loading=\"lazy\" title=\"\u00a1As\u00ed fue como Adela Noriega rechaz\u00f3 la propuesta de matrimonio de Fernando Carrillo! | El Minuto\" width=\"500\" height=\"281\" src=\"https:\/\/www.youtube.com\/embed\/DltGcAyyLhw?feature=oembed\" frameborder=\"0\" allow=\"accelerometer; autoplay; clipboard-write; encrypted-media; gyroscope; picture-in-picture; web-share\" referrerpolicy=\"strict-origin-when-cross-origin\" allowfullscreen><\/iframe>\n<\/div><\/figure>\n","protected":false},"excerpt":{"rendered":"<div class=\"mh-excerpt\"><p>na de las parejas m\u00e1s recordadas de las telenovelas mexicanas vivi\u00f3 una historia fuera del set que pocos conocen. Lo que comenz\u00f3 como una conexi\u00f3n <a class=\"mh-excerpt-more\" href=\"https:\/\/animals.jkfraser.com\/?p=761\" title=\"C\u00f3mo Adela Noriega rechaz\u00f3 la propuesta de matrimonio de Fernando Carrillo \u2014 Video\">[&#8230;]<\/a><\/p>\n<\/div>","protected":false},"author":1,"featured_media":770,"comment_status":"open","ping_status":"open","sticky":false,"template":"","format":"standard","meta":{"footnotes":""},"categories":[1],"tags":[],"class_list":["post-761","post","type-post","status-publish","format-standard","has-post-thumbnail","hentry","category-uncategorised"],"_links":{"self":[{"href":"https:\/\/animals.jkfraser.com\/index.php?rest_route=\/wp\/v2\/posts\/761","targetHints":{"allow":["GET"]}}],"collection":[{"href":"https:\/\/animals.jkfraser.com\/index.php?rest_route=\/wp\/v2\/posts"}],"about":[{"href":"https:\/\/animals.jkfraser.com\/index.php?rest_route=\/wp\/v2\/types\/post"}],"author":[{"embeddable":true,"href":"https:\/\/animals.jkfraser.com\/index.php?rest_route=\/wp\/v2\/users\/1"}],"replies":[{"embeddable":true,"href":"https:\/\/animals.jkfraser.com\/index.php?rest_route=%2Fwp%2Fv2%2Fcomments&post=761"}],"version-history":[{"count":1,"href":"https:\/\/animals.jkfraser.com\/index.php?rest_route=\/wp\/v2\/posts\/761\/revisions"}],"predecessor-version":[{"id":772,"href":"https:\/\/animals.jkfraser.com\/index.php?rest_route=\/wp\/v2\/posts\/761\/revisions\/772"}],"wp:featuredmedia":[{"embeddable":true,"href":"https:\/\/animals.jkfraser.com\/index.php?rest_route=\/wp\/v2\/media\/770"}],"wp:attachment":[{"href":"https:\/\/animals.jkfraser.com\/index.php?rest_route=%2Fwp%2Fv2%2Fmedia&parent=761"}],"wp:term":[{"taxonomy":"category","embeddable":true,"href":"https:\/\/animals.jkfraser.com\/index.php?rest_route=%2Fwp%2Fv2%2Fcategories&post=761"},{"taxonomy":"post_tag","embeddable":true,"href":"https:\/\/animals.jkfraser.com\/index.php?rest_route=%2Fwp%2Fv2%2Ftags&post=761"}],"curies":[{"name":"wp","href":"https:\/\/api.w.org\/{rel}","templated":true}]}}