{"id":736,"date":"2025-12-03T16:44:35","date_gmt":"2025-12-03T16:44:35","guid":{"rendered":"https:\/\/animals.jkfraser.com\/?p=736"},"modified":"2025-12-03T16:44:37","modified_gmt":"2025-12-03T16:44:37","slug":"el-hijo-de-giovanny-ayala-fue-rescatado-tras-14-dias-de-secuestro-su-primera-conversacion-con-su-padre-y-detalles-del-caso","status":"publish","type":"post","link":"https:\/\/animals.jkfraser.com\/?p=736","title":{"rendered":"El hijo de Giovanny Ayala fue rescatado tras 14 d\u00edas de secuestro: Su primera conversaci\u00f3n con su padre y detalles del caso"},"content":{"rendered":"\n<figure class=\"wp-block-image size-large\"><img loading=\"lazy\" decoding=\"async\" width=\"1024\" height=\"512\" src=\"https:\/\/animals.jkfraser.com\/wp-content\/uploads\/2025\/12\/image-16-1024x512.png\" alt=\"\" class=\"wp-image-746\" srcset=\"https:\/\/animals.jkfraser.com\/wp-content\/uploads\/2025\/12\/image-16-1024x512.png 1024w, https:\/\/animals.jkfraser.com\/wp-content\/uploads\/2025\/12\/image-16-300x150.png 300w, https:\/\/animals.jkfraser.com\/wp-content\/uploads\/2025\/12\/image-16-768x384.png 768w, https:\/\/animals.jkfraser.com\/wp-content\/uploads\/2025\/12\/image-16.png 1200w\" sizes=\"auto, (max-width: 1024px) 100vw, 1024px\" \/><\/figure>\n\n\n\n<p>El hijo del cantante colombiano Giovanny Ayala fue rescatado tras 14 d\u00edas de secuestro en el Cauca.<\/p>\n\n\n\n<p>Miguel Ayala, hijo del cantante Giovanny Ayala, fue liberado el 2 de diciembre de 2025 luego de permanecer 14 d\u00edas secuestrado.<\/p>\n\n\n\n<p>El joven hab\u00eda sido interceptado por hombres armados el 18 de noviembre mientras transitaba por la v\u00eda Panamericana, en el departamento del Cauca, Colombia, junto a su m\u00e1nager Nicol\u00e1s Pantoja.<\/p>\n\n\n\n<figure class=\"wp-block-embed\"><div class=\"wp-block-embed__wrapper\">\nhttps:\/\/if-cdn.com\/omeiZnSp?_showcaption=false&#038;app=1\n<\/div><\/figure>\n\n\n\n<p>La operaci\u00f3n de rescate se realiz\u00f3 en la vereda Chorritos, municipio de La Sierra, y estuvo a cargo de unidades del Gaula de la Polic\u00eda Nacional, en coordinaci\u00f3n con Comandos Jungla, Goes, el \u00c1rea de Aviaci\u00f3n Policial y la Fuerza Aeroespacial Colombiana.<\/p>\n\n\n\n<p>Ambos fueron recuperados con vida. Durante el procedimiento fue&nbsp;<a href=\"https:\/\/www.infobae.com\/colombia\/2025\/12\/02\/miguel-ayala-hijo-del-cantante-giovanny-ayala-fue-liberado-luego-de-14-dias-de-secuestro\/\" target=\"_blank\" rel=\"noreferrer noopener\">capturado<\/a>&nbsp;uno de los presuntos responsables e incautada un arma de fuego que ser\u00e1 presentada ante la autoridad judicial como prueba dentro del proceso investigativo.<\/p>\n\n\n\n<figure class=\"wp-block-embed\"><div class=\"wp-block-embed__wrapper\">\nhttps:\/\/if-cdn.com\/an30atzR?_showcaption=false&#038;app=1\n<\/div><\/figure>\n\n\n\n<h2 class=\"wp-block-heading\"><strong>El secuestro fue confirmado el 19 de noviembre<\/strong><\/h2>\n\n\n\n<p>El secuestro de Miguel Ayala fue reportado oficialmente el 19 de noviembre de 2025 por las autoridades del departamento del Cauca.<\/p>\n\n\n\n<p>De acuerdo con el comunicado policial, el hecho&nbsp;<a href=\"https:\/\/www.infobae.com\/colombia\/2025\/11\/19\/secuestraron-al-hijo-de-giovanny-ayala-y-a-su-manager-en-la-via-panamericana\/\" target=\"_blank\" rel=\"noreferrer noopener\">ocurri\u00f3<\/a>&nbsp;la noche del 18 de noviembre, alrededor de las 8:45 p.m., cuando Miguel y su m\u00e1nager, Nicol\u00e1s Pantoja, viajaban en un veh\u00edculo particular desde Popay\u00e1n hacia el aeropuerto Alfonso Bonilla Arag\u00f3n.<\/p>\n\n\n\n<p>Los secuestradores&nbsp;<a href=\"https:\/\/www.infobae.com\/colombia\/2025\/11\/19\/secuestraron-al-hijo-de-giovanny-ayala-y-a-su-manager-en-la-via-panamericana\/\" target=\"_blank\" rel=\"noreferrer noopener\">interceptaron<\/a>&nbsp;el autom\u00f3vil en la vereda El T\u00fanel, municipio de Cajib\u00edo, y se llevaron a ambos hombres. El conductor del veh\u00edculo fue dejado en el lugar.<\/p>\n\n\n\n<p>Seg\u00fan versiones preliminares, Miguel Ayala, de 23 a\u00f1os, hab\u00eda estado en El Tambo, Cauca, dando un concierto pocas horas antes del secuestro. Las autoridades informaron que en la zona hay presencia de estructuras armadas ilegales, lo que dificult\u00f3 las labores de b\u00fasqueda.<\/p>\n\n\n\n<figure class=\"wp-block-image\"><img decoding=\"async\" src=\"https:\/\/cdn.morelimedia.com\/f4f6ed5ce146a3f4936ea8a9da32ac530c50486e4bfbc93d7a36d8f97e3658cc.png\" alt=\"Mensaje de Giovanny Ayala compartido en Instagram tras el secuestro de su hijo, Miguel Ayala | Fuente: Instagram Stories\/giovannyayalaoficial\"\/><\/figure>\n\n\n\n<p>Mensaje de Giovanny Ayala compartido en Instagram tras el secuestro de su hijo, Miguel Ayala | Fuente: Instagram Stories\/giovannyayalaoficial<\/p>\n\n\n\n<h2 class=\"wp-block-heading\"><strong>Las autoridades investigan a los responsables del secuestro<\/strong><\/h2>\n\n\n\n<p>Tras la liberaci\u00f3n, la Polic\u00eda Nacional inform\u00f3 que los responsables del secuestro habr\u00edan&nbsp;<a href=\"https:\/\/www.infobae.com\/colombia\/2025\/12\/02\/miguel-ayala-hijo-del-cantante-giovanny-ayala-fue-liberado-luego-de-14-dias-de-secuestro\/\" target=\"_blank\" rel=\"noreferrer noopener\">exigido<\/a>&nbsp;$7.500 millones a cambio de la libertad de Miguel Ayala y Nicol\u00e1s Pantoja. Inicialmente, la suma exigida era de $4.500 millones.<\/p>\n\n\n\n<p>La instituci\u00f3n se\u00f1al\u00f3 que se mantiene activo el proceso para identificar y capturar a todos los involucrados. Reiter\u00f3 su&nbsp;<a href=\"https:\/\/www.infobae.com\/colombia\/2025\/12\/02\/miguel-ayala-hijo-del-cantante-giovanny-ayala-fue-liberado-luego-de-14-dias-de-secuestro\/\" target=\"_blank\" rel=\"noreferrer noopener\">mensaje<\/a>&nbsp;institucional:<\/p>\n\n\n\n<blockquote class=\"wp-block-quote is-layout-flow wp-block-quote-is-layout-flow\">\n<p>&#8220;Reafirmamos nuestro compromiso indeclinable con la protecci\u00f3n de la vida, la libertad personal y la seguridad de los colombianos, actuando con total contundencia frente a cualquier amenaza que atente contra la convivencia y la tranquilidad ciudadana&#8221;.<\/p>\n<\/blockquote>\n\n\n\n<figure class=\"wp-block-image\"><img decoding=\"async\" src=\"https:\/\/cdn.morelimedia.com\/ebfd07049b1f436f67afb8c981e32363407649aecc3599a2fa322846a96ad688.jpg\" alt=\"Miguel Ayala y su m\u00e1nager, Nicol\u00e1s Pantoja, tras su rescate, en compa\u00f1\u00eda de la polic\u00eda | Fuente: Instagram\/directorpolicia\"\/><\/figure>\n\n\n\n<p>Miguel Ayala y su m\u00e1nager, Nicol\u00e1s Pantoja, tras su rescate, en compa\u00f1\u00eda de la polic\u00eda | Fuente: Instagram\/directorpolicia<\/p>\n\n\n\n<h2 class=\"wp-block-heading\"><strong>Conversaci\u00f3n telef\u00f3nica entre padre e hijo tras el rescate<\/strong><\/h2>\n\n\n\n<p>Luego de la operaci\u00f3n de&nbsp;<a href=\"https:\/\/www.instagram.com\/directorpolicia\/p\/DRxYmsvAZgj\/?img_index=1\" target=\"_blank\" rel=\"noreferrer noopener\">rescate<\/a>, se difundi\u00f3 el audio de una llamada entre Miguel Ayala y su padre, Giovanny Ayala. El joven salud\u00f3 con la&nbsp;<a href=\"https:\/\/www.youtube.com\/watch?v=d3_JFAao0nI\" target=\"_blank\" rel=\"noreferrer noopener\">frase<\/a>: &#8220;Hola, papi&#8221;. El cantante&nbsp;<a href=\"https:\/\/www.youtube.com\/watch?v=d3_JFAao0nI\" target=\"_blank\" rel=\"noreferrer noopener\">respondi\u00f3<\/a>: &#8220;Al\u00f3. Hola, hijo. Bendiciones, papi. Bendiciones, papi&#8221;.<\/p>\n\n\n\n<p>Miguel&nbsp;<a href=\"https:\/\/www.youtube.com\/watch?v=d3_JFAao0nI\" target=\"_blank\" rel=\"noreferrer noopener\">respondi\u00f3<\/a>: &#8220;Gracias&#8221;. Giovanny&nbsp;<a href=\"https:\/\/www.youtube.com\/watch?v=d3_JFAao0nI\" target=\"_blank\" rel=\"noreferrer noopener\">continu\u00f3<\/a>: &#8220;Hay que agradecerle mucho, mucho a Dios, primero Dios y a los \u00e1ngeles que est\u00e1n ah\u00ed con usted, y que lo rescataron. Dios los bendiga siempre&#8221;. El joven&nbsp;<a href=\"https:\/\/www.youtube.com\/watch?v=d3_JFAao0nI\" target=\"_blank\" rel=\"noreferrer noopener\">dijo<\/a>: &#8220;Gracias papi. Perd\u00f3n por todo, por ser as\u00ed&#8221;.<\/p>\n\n\n\n<figure class=\"wp-block-image\"><img decoding=\"async\" src=\"https:\/\/cdn.morelimedia.com\/ee34520879e0bf2ba59169c2a4c43b8aa22a16dcf00168d6d39595e258207581.png\" alt=\"Miguel Ayala tras su rescate en una llamada telef\u00f3nica con su padre, Giovanny Ayala | Fuente: YouTube\/Noticias Caracol\"\/><\/figure>\n\n\n\n<p>Miguel Ayala tras su rescate en una llamada telef\u00f3nica con su padre, Giovanny Ayala | Fuente: YouTube\/Noticias Caracol<\/p>\n\n\n\n<p>El cantante&nbsp;<a href=\"https:\/\/www.youtube.com\/watch?v=d3_JFAao0nI\" target=\"_blank\" rel=\"noreferrer noopener\">agreg\u00f3<\/a>: &#8220;Siempre estuve con usted desde el d\u00eda cero\u2026 Dios estuvo siempre con usted. No se imagina la tormenta, la zozobra. No se imagina todo lo que hemos sentido por la situaci\u00f3n que estamos pasando, papi&#8221;. Miguel&nbsp;<a href=\"https:\/\/www.youtube.com\/watch?v=d3_JFAao0nI\" target=\"_blank\" rel=\"noreferrer noopener\">repiti\u00f3<\/a>: &#8220;Gracias papi&#8221;.<\/p>\n\n\n\n<p>En otro video, Giovanny&nbsp;<a href=\"https:\/\/www.youtube.com\/watch?v=8rJjUcJi9iM\" target=\"_blank\" rel=\"noreferrer noopener\">pregunt\u00f3<\/a>: &#8220;\u00bfC\u00f3mo se siente?&#8221;, y Miguel&nbsp;<a href=\"https:\/\/www.youtube.com\/watch?v=8rJjUcJi9iM\" target=\"_blank\" rel=\"noreferrer noopener\">respondi\u00f3<\/a>: &#8220;Bien, no me las creo todav\u00eda&#8221;. Luego&nbsp;<a href=\"https:\/\/www.youtube.com\/watch?v=8rJjUcJi9iM\" target=\"_blank\" rel=\"noreferrer noopener\">a\u00f1adi\u00f3<\/a>: &#8220;Ya quiero llegar y abrazarlos. Estoy agradecido por todo&#8221;.<\/p>\n\n\n\n<h2 class=\"wp-block-heading\"><strong>Relato del cautiverio por parte de Miguel Ayala<\/strong><\/h2>\n\n\n\n<p>Durante una rueda de prensa posterior al rescate, Miguel Ayala entreg\u00f3 detalles sobre las condiciones del secuestro. Afirm\u00f3 que tanto \u00e9l como su m\u00e1nager debieron caminar descalzos por la vegetaci\u00f3n, y se turnaban el \u00fanico par de zapatos disponible.<\/p>\n\n\n\n<p>&#8220;Est\u00e1bamos descalzos. Nos toc\u00f3 pasarnos un zapato y un zapato a mi amigo, mi m\u00e1nager Nicol\u00e1s, nos toc\u00f3 un zapato y un zapato y llegamos todos ara\u00f1ados\u2026 por las matas. Nos hac\u00edan pasar por un r\u00edo, una quebrada y hubo un momento de una bajada y una monta\u00f1a&#8221;,&nbsp;<a href=\"https:\/\/www.youtube.com\/watch?v=d3_JFAao0nI\" target=\"_blank\" rel=\"noreferrer noopener\">afirm\u00f3<\/a>.<\/p>\n\n\n\n<p><strong>&#8220;Fue un camino dur\u00edsimo<\/strong>, e \u00edbamos con mucho m\u00e1s miedo porque pens\u00e1bamos que en cualquier momento nos iban a hacer algo a las espaldas, porque \u00edbamos muy lejos&#8221;,&nbsp;<a href=\"https:\/\/www.youtube.com\/watch?v=d3_JFAao0nI\" target=\"_blank\" rel=\"noreferrer noopener\">a\u00f1adi\u00f3<\/a>.<\/p>\n\n\n\n<figure class=\"wp-block-image\"><img decoding=\"async\" src=\"https:\/\/cdn.morelimedia.com\/86ffeefe35bc704af490bfecec2f9b0a3ae6d27b1b7be0f4d4558508b70bf520.png\" alt=\"Miguel Ayala junto a su padre Giovanny Ayala dando declaraciones a la prensa sobre lo que vivi\u00f3 durante su secuestro | Fuente: YouTube\/Noticias Caracol\"\/><\/figure>\n\n\n\n<p>Miguel Ayala junto a su padre Giovanny Ayala dando declaraciones a la prensa sobre lo que vivi\u00f3 durante su secuestro | Fuente: YouTube\/Noticias Caracol<\/p>\n\n\n\n<h2 class=\"wp-block-heading\"><strong>Detalles sobre las llamadas y exigencias econ\u00f3micas<\/strong><\/h2>\n\n\n\n<p>Giovanny Ayala tambi\u00e9n entreg\u00f3 informaci\u00f3n sobre los contactos que recibieron durante el tiempo que Miguel estuvo retenido. Seg\u00fan indic\u00f3, recibieron muchas llamadas, pero&nbsp;<a href=\"https:\/\/www.youtube.com\/watch?v=8rJjUcJi9iM\" target=\"_blank\" rel=\"noreferrer noopener\">prestaron<\/a>&nbsp;atenci\u00f3n a dos en particular:<\/p>\n\n\n\n<blockquote class=\"wp-block-quote is-layout-flow wp-block-quote-is-layout-flow\">\n<p>&#8220;Recibimos muchas llamadas y le dimos credibilidad a dos, porque no llamaron al celular m\u00edo ni al de las contrataciones, sino al celular de Luis, su hermano. Ellos son gemelos, Miguel y Luis. Y se nos hizo muy extra\u00f1o. \u00bfPor qu\u00e9 lo llamaron a \u00e9l? \u00bfY por qu\u00e9 una suma tan grande, 4.500 millones inicialmente, y luego 7.500 millones, y nos dio a inclinarnos a que ellos eran los secuestradores?&#8221;.<\/p>\n<\/blockquote>\n\n\n\n<h2 class=\"wp-block-heading\"><strong>Declaraciones del ministro de Defensa y acompa\u00f1amiento institucional<\/strong><\/h2>\n\n\n\n<p>El ministro de Defensa, Pedro Arnulfo S\u00e1nchez Su\u00e1rez, confirm\u00f3 que hubo comunicaci\u00f3n directa con el cantante desde el inicio del caso. D\u00edas antes de la liberaci\u00f3n, durante la apertura de Expodefensa,&nbsp;<a href=\"https:\/\/www.infobae.com\/colombia\/2025\/12\/02\/miguel-ayala-hijo-del-cantante-giovanny-ayala-fue-liberado-luego-de-14-dias-de-secuestro\/\" target=\"_blank\" rel=\"noreferrer noopener\">declar\u00f3<\/a>:<\/p>\n\n\n\n<blockquote class=\"wp-block-quote is-layout-flow wp-block-quote-is-layout-flow\">\n<p>&#8220;Estamos detr\u00e1s de toda la investigaci\u00f3n del secuestro del hijo de nuestro cantante Giovanny Ayala. No puedo dar informaci\u00f3n alguna porque afecta la seguridad, pero esperamos que regrese pronto a casa&#8221;.<\/p>\n<\/blockquote>\n\n\n\n<p>Adem\u00e1s, expres\u00f3 haberle transmitido a Ayala recomendaciones ante la&nbsp;<a href=\"https:\/\/www.infobae.com\/colombia\/2025\/12\/02\/miguel-ayala-hijo-del-cantante-giovanny-ayala-fue-liberado-luego-de-14-dias-de-secuestro\/\" target=\"_blank\" rel=\"noreferrer noopener\">situaci\u00f3n<\/a>: &#8220;Le he dicho que conf\u00ede en su fuerza p\u00fablica, que en estos momentos de angustia es donde se requiere alguna manera mayor prudencia, mayor paciencia, pero que lo m\u00e1s importante para nosotros es que regrese a casa&#8221;.<\/p>\n\n\n\n<h2 class=\"wp-block-heading\"><strong>Reencuentro familiar y agradecimiento a la Polic\u00eda<\/strong><\/h2>\n\n\n\n<p>En el perfil oficial de Instagram de la Polic\u00eda Nacional de Colombia fue publicado un video en el que se observa a Miguel Ayala abrazando a miembros de su familia. En el mismo, Giovanny Ayala&nbsp;<a href=\"https:\/\/www.instagram.com\/reel\/DRyGvwzgFtr\/\" target=\"_blank\" rel=\"noreferrer noopener\">agradece<\/a>&nbsp;a los uniformados por su labor:<\/p>\n\n\n\n<p>&#8220;Hoy descubr\u00ed que no lo hacen por un sueldo, lo hacen por pasi\u00f3n, \u00bfqui\u00e9n va a poner el pecho por alguien que no es de la familia?&#8230; gracias se\u00f1ores por existir&#8221;.&nbsp;<strong>Mira el video abajo:<\/strong><\/p>\n\n\n\n<figure class=\"wp-block-embed\"><div class=\"wp-block-embed__wrapper\">\nhttps:\/\/if-cdn.com\/AxIm6Y3m?_showcaption=false&#038;app=1\n<\/div><\/figure>\n\n\n\n<p>Publicidad<\/p>\n\n\n\n<p><img loading=\"lazy\" decoding=\"async\" src=\"https:\/\/cdn.morelimedia.com\/icons\/info.svg\" alt=\"info\" width=\"24\" height=\"24\"><\/p>\n","protected":false},"excerpt":{"rendered":"<div class=\"mh-excerpt\"><p>El hijo del cantante colombiano Giovanny Ayala fue rescatado tras 14 d\u00edas de secuestro en el Cauca. Miguel Ayala, hijo del cantante Giovanny Ayala, fue <a class=\"mh-excerpt-more\" href=\"https:\/\/animals.jkfraser.com\/?p=736\" title=\"El hijo de Giovanny Ayala fue rescatado tras 14 d\u00edas de secuestro: Su primera conversaci\u00f3n con su padre y detalles del caso\">[&#8230;]<\/a><\/p>\n<\/div>","protected":false},"author":1,"featured_media":746,"comment_status":"open","ping_status":"open","sticky":false,"template":"","format":"standard","meta":{"footnotes":""},"categories":[1],"tags":[],"class_list":["post-736","post","type-post","status-publish","format-standard","has-post-thumbnail","hentry","category-uncategorised"],"_links":{"self":[{"href":"https:\/\/animals.jkfraser.com\/index.php?rest_route=\/wp\/v2\/posts\/736","targetHints":{"allow":["GET"]}}],"collection":[{"href":"https:\/\/animals.jkfraser.com\/index.php?rest_route=\/wp\/v2\/posts"}],"about":[{"href":"https:\/\/animals.jkfraser.com\/index.php?rest_route=\/wp\/v2\/types\/post"}],"author":[{"embeddable":true,"href":"https:\/\/animals.jkfraser.com\/index.php?rest_route=\/wp\/v2\/users\/1"}],"replies":[{"embeddable":true,"href":"https:\/\/animals.jkfraser.com\/index.php?rest_route=%2Fwp%2Fv2%2Fcomments&post=736"}],"version-history":[{"count":1,"href":"https:\/\/animals.jkfraser.com\/index.php?rest_route=\/wp\/v2\/posts\/736\/revisions"}],"predecessor-version":[{"id":747,"href":"https:\/\/animals.jkfraser.com\/index.php?rest_route=\/wp\/v2\/posts\/736\/revisions\/747"}],"wp:featuredmedia":[{"embeddable":true,"href":"https:\/\/animals.jkfraser.com\/index.php?rest_route=\/wp\/v2\/media\/746"}],"wp:attachment":[{"href":"https:\/\/animals.jkfraser.com\/index.php?rest_route=%2Fwp%2Fv2%2Fmedia&parent=736"}],"wp:term":[{"taxonomy":"category","embeddable":true,"href":"https:\/\/animals.jkfraser.com\/index.php?rest_route=%2Fwp%2Fv2%2Fcategories&post=736"},{"taxonomy":"post_tag","embeddable":true,"href":"https:\/\/animals.jkfraser.com\/index.php?rest_route=%2Fwp%2Fv2%2Ftags&post=736"}],"curies":[{"name":"wp","href":"https:\/\/api.w.org\/{rel}","templated":true}]}}