{"id":716,"date":"2025-12-02T14:55:31","date_gmt":"2025-12-02T14:55:31","guid":{"rendered":"https:\/\/animals.jkfraser.com\/?p=716"},"modified":"2025-12-02T14:55:32","modified_gmt":"2025-12-02T14:55:32","slug":"horror-en-el-zoologico-de-berlin-una-mujer-de-32-anos-salta-al-recinto-de-un-oso-polar-lo-que-sucedio-a-continuacion-dejo-a-los-visitantes-paralizados-se-suponia-que-seria-una-tarde-normal-en-el-zo","status":"publish","type":"post","link":"https:\/\/animals.jkfraser.com\/?p=716","title":{"rendered":"HORROR EN EL ZOOL\u00d3GICO DE BERL\u00cdN: Una mujer de 32 a\u00f1os salta al recinto de un oso polar. Lo que sucedi\u00f3 a continuaci\u00f3n dej\u00f3 a los visitantes paralizados. Se supon\u00eda que ser\u00eda una tarde normal en el zool\u00f3gico de Berl\u00edn."},"content":{"rendered":"\n<figure class=\"wp-block-image size-full\"><img loading=\"lazy\" decoding=\"async\" width=\"526\" height=\"400\" src=\"https:\/\/animals.jkfraser.com\/wp-content\/uploads\/2025\/12\/image-11.png\" alt=\"\" class=\"wp-image-727\" srcset=\"https:\/\/animals.jkfraser.com\/wp-content\/uploads\/2025\/12\/image-11.png 526w, https:\/\/animals.jkfraser.com\/wp-content\/uploads\/2025\/12\/image-11-300x228.png 300w, https:\/\/animals.jkfraser.com\/wp-content\/uploads\/2025\/12\/image-11-80x60.png 80w\" sizes=\"auto, (max-width: 526px) 100vw, 526px\" \/><\/figure>\n\n\n\n<p>El viernes, en un impactante incidente, una mujer de 32 a\u00f1os fue atacada por un oso polar tras saltar a su recinto en el Zool\u00f3gico de Berl\u00edn durante la hora de comer. La mujer, identificada \u00fanicamente como Maidy K, sufri\u00f3 m\u00faltiples lesiones graves antes de ser rescatada por el personal del zool\u00f3gico.<\/p>\n\n\n\n<p>El incidente ocurri\u00f3 por la tarde, cuando los osos polares estaban siendo alimentados, momento en el que se muestran particularmente activos y alertas. Seg\u00fan se informa, Maaddy K salt\u00f3 la valla, atraves\u00f3 la hilera de setos y trep\u00f3 el muro para acceder al recinto. Las barreras del zool\u00f3gico, dise\u00f1adas para mantener a los visitantes a una distancia segura, resultaron insuficientes para permitir que los osos polares entraran en su h\u00e1bitat.<\/p>\n\n\n\n<p>Una vez dentro, Maaddy K salt\u00f3 los barrotes y entr\u00f3 directamente en territorio de osos. Estos, probablemente percibiendo su presencia repetida como una amenaza o un est\u00edmulo emocional, reaccionaron agresivamente. Al aterrizar, uno de los cuatro osos polares la atac\u00f3, mordi\u00e9ndole repetidamente los brazos, las piernas y la espalda.<\/p>\n\n\n\n<p>Los cuidadores del zool\u00f3gico actuaron de inmediato al darse la alarma. Seis miembros del personal trabajaron fren\u00e9ticamente para desviar la atenci\u00f3n de los cuatro osos. A pesar de sus mejores esfuerzos, el oso atac\u00f3 a Maidy K. Los cuidadores finalmente lograron ahuyentarlo y rescatar a la mujer herida.<\/p>\n\n\n\n<figure class=\"wp-block-image\"><img decoding=\"async\" src=\"https:\/\/www.kerbnas168.info\/wp-content\/uploads\/2025\/10\/image-133.webp\" alt=\"\" class=\"wp-image-1924\"\/><\/figure>\n\n\n\n<p>Ma\u043fdy K fue trasladada de urgencia al hospital, donde fue operada para reparar sus lesiones. El personal m\u00e9dico inform\u00f3 que se espera su recuperaci\u00f3n, ya que la gravedad de sus lesiones requerir\u00e1 tratamiento y rehabilitaci\u00f3n continuos.<\/p>\n\n\n\n<p>Una investigaci\u00f3n posterior revel\u00f3 que Maaddy K era una profesora que sufr\u00eda una grave angustia debido a su incapacidad para encontrar empleo. Sus acciones, impulsadas por la desesperaci\u00f3n, subrayan una historia tr\u00e1gica que a\u00f1ade complejidad al incidente. Si bien sus razones no justifican el peligroso salto al complejo, s\u00ed ponen de relieve la presi\u00f3n y la agitaci\u00f3n emocional que experimentaba.<\/p>\n\n\n\n<figure class=\"wp-block-image\"><img decoding=\"async\" src=\"https:\/\/www.kerbnas168.info\/wp-content\/uploads\/2025\/10\/image-133-1.webp\" alt=\"\" class=\"wp-image-1925\"\/><\/figure>\n\n\n\n<p>El Zool\u00f3gico de Berl\u00edn, uno de los m\u00e1s prestigiosos de Europa, ha expresado su alivio de que la situaci\u00f3n, aunque grave, no haya tenido consecuencias a\u00fan m\u00e1s tr\u00e1gicas. Las autoridades del zool\u00f3gico est\u00e1n revisando exhaustivamente sus medidas de seguridad para evitar incidentes similares en el futuro. Enfatizaron que las barreras de seguridad est\u00e1n instaladas para proteger tanto a los visitantes como a los animales.<\/p>\n\n\n\n<p>La reacci\u00f3n p\u00fablica ha sido una mezcla de entusiasmo, compasi\u00f3n y cr\u00edtica. Muchos est\u00e1n desconcertados por la aparente falta de criterio y las medidas extremas de Maddie K. Otros han expresado su compasi\u00f3n por su situaci\u00f3n, reconociendo la profunda desesperaci\u00f3n que puede llevar a tomar medidas tan dr\u00e1sticas.<\/p>\n\n\n\n<p>Este incidente sirve como un duro recordatorio de los peligros inherentes a los recintos de animales salvajes y la importancia crucial de adherirse a los protocolos de seguridad. Tambi\u00e9n pone de manifiesto los desaf\u00edos, a menudo invisibles, que enfrentan las personas y que pueden llevarlas a tomar medidas desesperadas y peligrosas. Mientras Ma\u043fdy K se recupera, se espera que reciba el apoyo que necesita para superar sus desaf\u00edos y que este incidente impulse una reevaluaci\u00f3n de los sistemas de apoyo a la salud mental y las medidas de seguridad en los zool\u00f3gicos.<\/p>\n\n\n\n<p>La personalidad televisiva y cantante Coleen Nolan ha revelado que qued\u00f3 profundamente perturbada despu\u00e9s de ver un avance de las im\u00e1genes de un pr\u00f3ximo documental sobre la desaparici\u00f3n de Madeleine McCann, el caso que contin\u00faa atormentando al mundo m\u00e1s de 16 a\u00f1os despu\u00e9s de que la ni\u00f1a desapareciera de un resort de vacaciones en Portugal.<\/p>\n\n\n\n<p>Hablando con franqueza, Nolan admiti\u00f3 que &#8220;no puede dormir por las noches&#8221; tras ver los escalofriantes detalles del programa, que reexamina uno de los casos de desaparici\u00f3n m\u00e1s infames de la historia moderna. La confesi\u00f3n ha conmovido a los espectadores, muchos de los cuales comparten la persistente inquietud en torno al misterio que sigue sin resolverse hasta el d\u00eda de hoy.<\/p>\n\n\n\n<figure class=\"wp-block-image\"><img decoding=\"async\" src=\"https:\/\/www.kerbnas168.info\/wp-content\/uploads\/2025\/10\/image-133-2.webp\" alt=\"\" class=\"wp-image-1926\"\/><\/figure>\n\n\n\n<p>Madeleine McCann desapareci\u00f3 del apartamento de vacaciones de su familia en Praia da Luz, Portugal, en mayo de 2007. Ten\u00eda solo tres a\u00f1os en ese momento. Sus padres, Kate y Gerry McCann, estaban cenando en un restaurante de tapas cercano cuando regresaron y encontraron que Madeleine hab\u00eda desaparecido de su cama.<\/p>\n\n\n\n<p>El caso se convirti\u00f3 en un revuelo medi\u00e1tico, acaparando titulares en toda Europa y el extranjero. A pesar de los enormes esfuerzos de b\u00fasqueda, los innumerables avistamientos reportados y los a\u00f1os de investigaci\u00f3n con la participaci\u00f3n de las autoridades portuguesas, Scotland Yard y detectives privados, Madeleine nunca fue encontrada. El misterio ha generado docenas de teor\u00edas, documentales y una amplia especulaci\u00f3n p\u00fablica, pero no se ha resuelto.<\/p>\n\n\n\n<p>Es esta atm\u00f3sfera de pavor persistente la que el nuevo documental busca capturar y, seg\u00fan Coleen Nolan, lo logra de una manera que es a la vez poderosa y profundamente inquietante.<\/p>\n\n\n\n<p>Nolan, conocida por su participaci\u00f3n como panelista en&nbsp;&nbsp;<em>Loose Women<\/em>&nbsp;&nbsp;y como miembro del grupo musical The Nolans, fue invitada a ver fragmentos del documental antes de su estreno. Lo que vio, admite, la ha atormentado desde entonces.<\/p>\n\n\n\n<p>\u201cLa verdad es que no puedo dormir por las noches despu\u00e9s de verlo\u201d, confes\u00f3 durante una reciente aparici\u00f3n en televisi\u00f3n. \u201cMe impact\u00f3 profundamente. Hay detalles en este documental \u2014detalles, cronolog\u00edas, im\u00e1genes\u2014 que te hacen comprender lo aterrador que es este caso. Como madre, me impact\u00f3 de una manera inesperada. No dejo de pensar: \u00bfy si ese fuera mi hijo?\u201d.<\/p>\n\n\n\n<p>Sus palabras reflejan el costo emocional que el caso ha tenido no s\u00f3lo en la familia McCann sino en millones de personas alrededor del mundo que han seguido la historia.<\/p>\n\n\n\n<p>Los productores del nuevo programa prometen ofrecer una revisi\u00f3n exhaustiva y basada en hechos del caso, bas\u00e1ndose en entrevistas exclusivas, registros policiales de archivo y material in\u00e9dito. A diferencia de representaciones sensacionalistas anteriores, este documental, seg\u00fan se informa, enfatiza las pruebas contundentes y los arduos desaf\u00edos que enfrentaron los investigadores.<\/p>\n\n\n\n<p>Aun as\u00ed, es la carga emocional de la historia \u2014un ni\u00f1o que desapareci\u00f3 sin explicaci\u00f3n\u2014 lo que m\u00e1s resuena. La respuesta de Nolan subraya el impacto inquietante que probablemente tendr\u00e1 el programa en el p\u00fablico.<\/p>\n\n\n\n<p>\u201cIncluso despu\u00e9s de todos estos a\u00f1os, se siente tan crudo\u201d, dijo. \u201cEl documental no solo cubre los hechos, sino que te sit\u00faa justo ah\u00ed, en ese momento, en esa habitaci\u00f3n. Y cuando piensas en Madeleine y sus padres que a\u00fan esperan respuestas, te rompe el coraz\u00f3n\u201d.<\/p>\n\n\n\n<figure class=\"wp-block-image\"><img decoding=\"async\" src=\"https:\/\/www.kerbnas168.info\/wp-content\/uploads\/2025\/10\/image-133-3.webp\" alt=\"\" class=\"wp-image-1927\"\/><\/figure>\n\n\n\n<p>La noticia de las noches de insomnio de Nolan ya ha provocado fuertes reacciones en l\u00ednea. Los usuarios de redes sociales se apresuraron a opinar, y muchos expresaron su propia inquietud sobre el caso.<\/p>\n\n\n\n<p>&#8220;Cada vez que oigo hablar de Madeleine, siento un escalofr\u00edo&#8221;, escribi\u00f3 un usuario en X (anteriormente Twitter). &#8220;Es como una herida que nunca cicatriza. Si Coleen Nolan, que la vio de cerca, no puede dormir, \u00bfqu\u00e9 dice eso de lo que hay en el documental?&#8221;<\/p>\n\n\n\n<p>Otros elogiaron su franqueza, argumentando que su respuesta directa demuestra la importancia de revisar el caso con honestidad y empat\u00eda. &#8220;A veces olvidamos que hay una ni\u00f1a real en el centro de todo esto&#8221;, coment\u00f3 un fan. &#8220;La reacci\u00f3n de Coleen nos recuerda la humanidad de esta historia&#8221;.<\/p>\n\n\n\n<p>Para Nolan, madre de tres hijos, el impacto es especialmente personal. Explic\u00f3 que ver el documental la oblig\u00f3 a enfrentarse a uno de los miedos m\u00e1s profundos de todo padre: la desaparici\u00f3n repentina de un hijo.<\/p>\n\n\n\n<p>\u201cCrees que conoces la historia\u201d, dijo, \u201cpero cuando ves c\u00f3mo se desarrolla en detalle, te das cuenta de lo fr\u00e1gil que es todo. En un momento tu hijo est\u00e1 a salvo en la cama, y \u200b\u200bal siguiente, tu vida cambia para siempre\u201d.<\/p>\n\n\n\n<p>Sus palabras resaltan por qu\u00e9 el caso de Madeleine McCann sigue resonando a trav\u00e9s de generaciones. No es solo un misterio; es un recordatorio inquietante de vulnerabilidad, familia y preguntas sin respuesta.<\/p>\n\n\n\n<p>A medida que se acerca el estreno del documental, la expectaci\u00f3n y el temor aumentan. Los espectadores se preparan para un documental dif\u00edcil, que no promete respuestas f\u00e1ciles, pero que podr\u00eda arrojar nueva luz sobre un caso que ha frustrado a los investigadores durante casi dos d\u00e9cadas.<\/p>\n\n\n\n<p>Para Coleen Nolan, la experiencia ha sido aleccionadora. A pesar de sus propias noches de insomnio, insiste en que es una historia que vale la pena contar y recordar.<\/p>\n\n\n\n<p>&#8220;Madeleine se lo merece&#8221;, dijo simplemente. &#8220;Se merece que sigamos busc\u00e1ndola, que sigamos haciendo preguntas, que sigamos preocup\u00e1ndonos. Y si eso significa perder el sue\u00f1o, que as\u00ed sea&#8221;.<\/p>\n\n\n\n<iframe loading=\"lazy\" width=\"735\" height=\"414\" src=\"https:\/\/www.youtube.com\/embed\/OsVhPquNQ-c\" title=\"Polar Bear Attacks Woman\" frameborder=\"0\" allow=\"accelerometer; autoplay; clipboard-write; encrypted-media; gyroscope; picture-in-picture; web-share\" referrerpolicy=\"strict-origin-when-cross-origin\" allowfullscreen><\/iframe>\n\n\n\n<p><\/p>\n","protected":false},"excerpt":{"rendered":"<div class=\"mh-excerpt\"><p>El viernes, en un impactante incidente, una mujer de 32 a\u00f1os fue atacada por un oso polar tras saltar a su recinto en el Zool\u00f3gico <a class=\"mh-excerpt-more\" href=\"https:\/\/animals.jkfraser.com\/?p=716\" title=\"HORROR EN EL ZOOL\u00d3GICO DE BERL\u00cdN: Una mujer de 32 a\u00f1os salta al recinto de un oso polar. Lo que sucedi\u00f3 a continuaci\u00f3n dej\u00f3 a los visitantes paralizados. Se supon\u00eda que ser\u00eda una tarde normal en el zool\u00f3gico de Berl\u00edn.\">[&#8230;]<\/a><\/p>\n<\/div>","protected":false},"author":1,"featured_media":727,"comment_status":"open","ping_status":"open","sticky":false,"template":"","format":"standard","meta":{"footnotes":""},"categories":[1],"tags":[],"class_list":["post-716","post","type-post","status-publish","format-standard","has-post-thumbnail","hentry","category-uncategorised"],"_links":{"self":[{"href":"https:\/\/animals.jkfraser.com\/index.php?rest_route=\/wp\/v2\/posts\/716","targetHints":{"allow":["GET"]}}],"collection":[{"href":"https:\/\/animals.jkfraser.com\/index.php?rest_route=\/wp\/v2\/posts"}],"about":[{"href":"https:\/\/animals.jkfraser.com\/index.php?rest_route=\/wp\/v2\/types\/post"}],"author":[{"embeddable":true,"href":"https:\/\/animals.jkfraser.com\/index.php?rest_route=\/wp\/v2\/users\/1"}],"replies":[{"embeddable":true,"href":"https:\/\/animals.jkfraser.com\/index.php?rest_route=%2Fwp%2Fv2%2Fcomments&post=716"}],"version-history":[{"count":1,"href":"https:\/\/animals.jkfraser.com\/index.php?rest_route=\/wp\/v2\/posts\/716\/revisions"}],"predecessor-version":[{"id":729,"href":"https:\/\/animals.jkfraser.com\/index.php?rest_route=\/wp\/v2\/posts\/716\/revisions\/729"}],"wp:featuredmedia":[{"embeddable":true,"href":"https:\/\/animals.jkfraser.com\/index.php?rest_route=\/wp\/v2\/media\/727"}],"wp:attachment":[{"href":"https:\/\/animals.jkfraser.com\/index.php?rest_route=%2Fwp%2Fv2%2Fmedia&parent=716"}],"wp:term":[{"taxonomy":"category","embeddable":true,"href":"https:\/\/animals.jkfraser.com\/index.php?rest_route=%2Fwp%2Fv2%2Fcategories&post=716"},{"taxonomy":"post_tag","embeddable":true,"href":"https:\/\/animals.jkfraser.com\/index.php?rest_route=%2Fwp%2Fv2%2Ftags&post=716"}],"curies":[{"name":"wp","href":"https:\/\/api.w.org\/{rel}","templated":true}]}}