{"id":688,"date":"2025-12-01T09:05:15","date_gmt":"2025-12-01T09:05:15","guid":{"rendered":"https:\/\/animals.jkfraser.com\/?p=688"},"modified":"2025-12-01T09:05:16","modified_gmt":"2025-12-01T09:05:16","slug":"declararon-a-eduardo-fort-como-deudor-alimentario-y-rocio-marengo-tuvo-una-fuerte-reaccion-foto","status":"publish","type":"post","link":"https:\/\/animals.jkfraser.com\/?p=688","title":{"rendered":"Declararon a Eduardo Fort como deudor alimentario y Roc\u00edo Marengo tuvo una fuerte reacci\u00f3n \u2014 Foto"},"content":{"rendered":"\n<figure class=\"wp-block-image size-large\"><img loading=\"lazy\" decoding=\"async\" width=\"1024\" height=\"512\" src=\"https:\/\/animals.jkfraser.com\/wp-content\/uploads\/2025\/12\/image-1-1024x512.png\" alt=\"\" class=\"wp-image-698\" srcset=\"https:\/\/animals.jkfraser.com\/wp-content\/uploads\/2025\/12\/image-1-1024x512.png 1024w, https:\/\/animals.jkfraser.com\/wp-content\/uploads\/2025\/12\/image-1-300x150.png 300w, https:\/\/animals.jkfraser.com\/wp-content\/uploads\/2025\/12\/image-1-768x384.png 768w, https:\/\/animals.jkfraser.com\/wp-content\/uploads\/2025\/12\/image-1.png 1200w\" sizes=\"auto, (max-width: 1024px) 100vw, 1024px\" \/><\/figure>\n\n\n\n<p>Eduardo Fort fue incluido en el registro de deudores alimentarios tras los reclamos de su ex, Karina Antoniali. En medio del conflicto, Roc\u00edo Marengo reaccion\u00f3 con un mensaje en redes que gener\u00f3 repercusi\u00f3n. La disputa sum\u00f3 nuevas declaraciones y tensiones.<\/p>\n\n\n\n<p>La causa por alimentos implica un reclamo legal que conlleva consecuencias patrimoniales y sociales. En este contexto, la medi\u00e1tica eligi\u00f3 pronunciarse de forma abierta, lo que gener\u00f3 a\u00fan m\u00e1s repercusi\u00f3n en redes.<\/p>\n\n\n\n<figure class=\"wp-block-embed\"><div class=\"wp-block-embed__wrapper\">\nhttps:\/\/if-cdn.com\/89Vs6Jgw?_showcaption=false&#038;app=1\n<\/div><\/figure>\n\n\n\n<p>En este art\u00edculo, podr\u00e1s leer c\u00f3mo es el conflicto judicial entre Eduardo Fort y su ex pareja Karina Antoniali por una deuda de alimentos que deriv\u00f3 en un embargo y su inclusi\u00f3n en el registro de deudores. Luego, podr\u00e1s ver la reacci\u00f3n p\u00fablica de Roc\u00edo Marengo. Tambi\u00e9n podr\u00e1s leer los antecedentes del caso: los reclamos de Antoniali en 2023, declaraciones de Fort en 2024 sobre su relaci\u00f3n con Marengo, respuestas posteriores de Roc\u00edo y nuevas afirmaciones de Karina en 2025 sobre el v\u00ednculo de la modelo con sus hijos.<\/p>\n\n\n\n<h2 class=\"wp-block-heading\"><strong>Eduardo Fort declarado deudor alimentario<\/strong><\/h2>\n\n\n\n<p>Eduardo Fort, hermano del fallecido Ricardo Fort,&nbsp;<a href=\"https:\/\/www.ciudad.com.ar\/espectaculos\/2025\/11\/26\/eduardo-fort-embargado-y-registrado-como-deudor-alimentario-a-un-mes-de-ser-padre-con-rocio-marengo\/\" target=\"_blank\" rel=\"noreferrer noopener\">fue declarado<\/a>&nbsp;deudor alimentario en el \u00e1mbito judicial. La denuncia fue presentada por su exesposa Karina Antoniali, madre de sus&nbsp;<a href=\"https:\/\/www.ciudad.com.ar\/espectaculos\/2025\/11\/26\/eduardo-fort-embargado-y-registrado-como-deudor-alimentario-a-un-mes-de-ser-padre-con-rocio-marengo\/\" target=\"_blank\" rel=\"noreferrer noopener\">hijos<\/a>&nbsp;mellizos Angie y Pietro, de 16 a\u00f1os.<\/p>\n\n\n\n<p>Seg\u00fan se explic\u00f3 en el programa &#8220;A la Tarde&#8221;, la&nbsp;<a href=\"https:\/\/www.ciudad.com.ar\/espectaculos\/2025\/11\/26\/eduardo-fort-embargado-y-registrado-como-deudor-alimentario-a-un-mes-de-ser-padre-con-rocio-marengo\/\" target=\"_blank\" rel=\"noreferrer noopener\">deuda<\/a>&nbsp;en concepto de manutenci\u00f3n se arrastra desde el a\u00f1o 2022.<\/p>\n\n\n\n<p>El abogado Juan Pablo Merlo&nbsp;<a href=\"https:\/\/www.ciudad.com.ar\/espectaculos\/2025\/11\/26\/eduardo-fort-embargado-y-registrado-como-deudor-alimentario-a-un-mes-de-ser-padre-con-rocio-marengo\/\" target=\"_blank\" rel=\"noreferrer noopener\">detall\u00f3<\/a>&nbsp;que, de acuerdo con la legislaci\u00f3n vigente, si los hijos deciden continuar sus estudios, los padres tienen la obligaci\u00f3n legal de brindarles alimentos hasta los 25 a\u00f1os. Por ese motivo, incluso su hija mayor, Macarena,&nbsp;<a href=\"https:\/\/www.ciudad.com.ar\/espectaculos\/2025\/11\/26\/eduardo-fort-embargado-y-registrado-como-deudor-alimentario-a-un-mes-de-ser-padre-con-rocio-marengo\/\" target=\"_blank\" rel=\"noreferrer noopener\">podr\u00eda tener derecho<\/a>&nbsp;a reclamar judicialmente.<\/p>\n\n\n\n<p>La&nbsp;<a href=\"https:\/\/www.ciudad.com.ar\/espectaculos\/2025\/11\/26\/eduardo-fort-embargado-y-registrado-como-deudor-alimentario-a-un-mes-de-ser-padre-con-rocio-marengo\/\" target=\"_blank\" rel=\"noreferrer noopener\">presentadora<\/a>&nbsp;Karina Mazzocco mostr\u00f3 la resoluci\u00f3n que ordena un embargo que ser\u00eda multimillonario sobre los bienes de Fort. Entre los activos embargados se incluyen utilidades, dividendos, honorarios y acciones en la f\u00e1brica de golosinas familiar, adem\u00e1s de propiedades inmuebles y cuentas bancarias.<\/p>\n\n\n\n<p>La resoluci\u00f3n tambi\u00e9n contempla su&nbsp;<a href=\"https:\/\/www.ciudad.com.ar\/espectaculos\/2025\/11\/26\/eduardo-fort-embargado-y-registrado-como-deudor-alimentario-a-un-mes-de-ser-padre-con-rocio-marengo\/\" target=\"_blank\" rel=\"noreferrer noopener\">inscripci\u00f3n<\/a>&nbsp;en el registro de deudores alimentarios tanto en la Ciudad Aut\u00f3noma de Buenos Aires como en la provincia de Buenos Aires.<\/p>\n\n\n\n<figure class=\"wp-block-embed\"><div class=\"wp-block-embed__wrapper\">\nhttps:\/\/if-cdn.com\/VWyK0u6W?_showcaption=false&#038;app=1\n<\/div><\/figure>\n\n\n\n<p>En el ciclo de Am\u00e9rica TV, tambi\u00e9n se mencion\u00f3 que el empresario&nbsp;<a href=\"https:\/\/www.ciudad.com.ar\/espectaculos\/2025\/11\/26\/eduardo-fort-embargado-y-registrado-como-deudor-alimentario-a-un-mes-de-ser-padre-con-rocio-marengo\/\" target=\"_blank\" rel=\"noreferrer noopener\">habr\u00eda retirado<\/a>&nbsp;una camioneta que pertenec\u00eda a Antoniali y que existen conflictos adicionales por temas de obra social.<\/p>\n\n\n\n<p>A pesar de que el&nbsp;<a href=\"https:\/\/www.ciudad.com.ar\/espectaculos\/2025\/11\/26\/eduardo-fort-embargado-y-registrado-como-deudor-alimentario-a-un-mes-de-ser-padre-con-rocio-marengo\/\" target=\"_blank\" rel=\"noreferrer noopener\">monto exacto<\/a>&nbsp;del embargo no fue revelado, los periodistas que tuvieron acceso al expediente mencionaron que se trata de una cifra muy elevada que no pod\u00eda exponerse por pedido de confidencialidad.<\/p>\n\n\n\n<figure class=\"wp-block-embed\"><div class=\"wp-block-embed__wrapper\">\nhttps:\/\/if-cdn.com\/eS720dzD?_showcaption=false&#038;app=1\n<\/div><\/figure>\n\n\n\n<h2 class=\"wp-block-heading\"><strong>La reacci\u00f3n de Roc\u00edo Marengo<\/strong><\/h2>\n\n\n\n<p>Frente a este escenario legal y medi\u00e1tico, Roc\u00edo Marengo, actual pareja de Eduardo Fort, decidi\u00f3 pronunciarse p\u00fablicamente. En su cuenta de redes sociales,&nbsp;<a href=\"https:\/\/www.ciudad.com.ar\/espectaculos\/2025\/11\/26\/rocio-marengo-expuso-a-eduardo-fort-tras-ser-declarado-deudor-alimentario\/\" target=\"_blank\" rel=\"noreferrer noopener\">comparti\u00f3<\/a>&nbsp;una fotograf\u00eda de ambos en un ascensor, acompa\u00f1ada por un mensaje en el que expres\u00f3 su apoyo. &#8220;Hoy m\u00e1s que nunca, pienso que bebito no podr\u00eda tener mejor pap\u00e1. Gordi, orgullosa y segura a tu lado&#8221;,&nbsp;<a href=\"https:\/\/www.ciudad.com.ar\/espectaculos\/2025\/11\/26\/rocio-marengo-expuso-a-eduardo-fort-tras-ser-declarado-deudor-alimentario\/\" target=\"_blank\" rel=\"noreferrer noopener\">escribi\u00f3<\/a>&nbsp;la medi\u00e1tica, quien cursa la semana 33 de embarazo.<\/p>\n\n\n\n<p>Adem\u00e1s, Marengo&nbsp;<a href=\"https:\/\/www.ciudad.com.ar\/espectaculos\/2025\/11\/26\/rocio-marengo-expuso-a-eduardo-fort-tras-ser-declarado-deudor-alimentario\/\" target=\"_blank\" rel=\"noreferrer noopener\">inform\u00f3<\/a>&nbsp;que el beb\u00e9 pesaba 2,450 kg y que los estudios m\u00e9dicos estaban en \u00f3ptimas condiciones. &#8220;As\u00ed que ahora a seguir empollando&#8221;,&nbsp;<a href=\"https:\/\/www.ciudad.com.ar\/espectaculos\/2025\/11\/26\/rocio-marengo-expuso-a-eduardo-fort-tras-ser-declarado-deudor-alimentario\/\" target=\"_blank\" rel=\"noreferrer noopener\">expres\u00f3<\/a>&nbsp;en la misma publicaci\u00f3n, en la que dej\u00f3 ver que el foco de la pareja est\u00e1 en la llegada de su primer hijo juntos, a pesar del contexto judicial que atraviesan.<\/p>\n\n\n\n<figure class=\"wp-block-image\"><img decoding=\"async\" src=\"https:\/\/cdn.morelimedia.com\/39d75fe316322755aa0fa1665f52ec87b43d063eb75f25e52c443a9b7b461a75.png\" alt=\"Historia del Instagram de Roc\u00edo Marengo | Fuente: Instagram\/marengorocio\"\/><\/figure>\n\n\n\n<p>Historia del Instagram de Roc\u00edo Marengo | Fuente: Instagram\/marengorocio<\/p>\n\n\n\n<p>En paralelo, su situaci\u00f3n familiar tambi\u00e9n se vio afectada por disputas internas dentro del entorno Fort. Marta Fort, sobrina del empresario,&nbsp;<a href=\"https:\/\/www.ciudad.com.ar\/espectaculos\/2025\/11\/26\/rocio-marengo-expuso-a-eduardo-fort-tras-ser-declarado-deudor-alimentario\/\" target=\"_blank\" rel=\"noreferrer noopener\">lo mencion\u00f3<\/a>&nbsp;p\u00fablicamente en t\u00e9rminos cr\u00edticos, aludiendo a tensiones con otros integrantes de la familia.<\/p>\n\n\n\n<p>Mientras tanto, Roc\u00edo Marengo contin\u00faa manifest\u00e1ndose cercana a Eduardo Fort y ha dejado en claro su posici\u00f3n frente al proceso judicial y medi\u00e1tico. Su mensaje, acompa\u00f1ado por una imagen \u00edntima, muestra una postura firme a pocos d\u00edas de convertirse en madre.<\/p>\n\n\n\n<p>Antes de que se conociera la resoluci\u00f3n judicial m\u00e1s reciente, la situaci\u00f3n entre Eduardo Fort y su ex pareja ya ven\u00eda generando controversia p\u00fablica desde hace unos a\u00f1os.<\/p>\n\n\n\n<h2 class=\"wp-block-heading\"><strong>Eduardo Fort fue acusado de aportar solo 400 d\u00f3lares mensuales para sus tres hijos<\/strong><\/h2>\n\n\n\n<p>En noviembre de 2023, Karina Antoniali, madre de los tres hijos de Fort,&nbsp;<a href=\"https:\/\/www.pronto.com.ar\/espectaculos\/2023\/11\/9\/la-batalla-judicial-de-eduardo-fort-con-su-ex-madre-de-sus-tres-hijos-el-le-pasa-400-dolares-221854.html\" target=\"_blank\" rel=\"noreferrer noopener\">afirm\u00f3<\/a>&nbsp;que el empresario solo le transfer\u00eda 400 d\u00f3lares por mes. En ese momento, se mencionaron reclamos anteriores, incluido uno por el 30% de sus ingresos mensuales.<\/p>\n\n\n\n<p>La periodista Karina Iav\u00edcoli&nbsp;<a href=\"https:\/\/www.pronto.com.ar\/espectaculos\/2023\/11\/9\/la-batalla-judicial-de-eduardo-fort-con-su-ex-madre-de-sus-tres-hijos-el-le-pasa-400-dolares-221854.html\" target=\"_blank\" rel=\"noreferrer noopener\">explic\u00f3<\/a>&nbsp;entonces que, pese al alto nivel de vida del empresario y su rol como presidente de la f\u00e1brica familiar, no estar\u00eda cumpliendo con una cuota alimentaria suficiente.<\/p>\n\n\n\n<figure class=\"wp-block-embed\"><div class=\"wp-block-embed__wrapper\">\nhttps:\/\/if-cdn.com\/x5wG7y1h?_showcaption=false&#038;app=1\n<\/div><\/figure>\n\n\n\n<p><a href=\"https:\/\/www.pronto.com.ar\/espectaculos\/2023\/11\/9\/la-batalla-judicial-de-eduardo-fort-con-su-ex-madre-de-sus-tres-hijos-el-le-pasa-400-dolares-221854.html\" target=\"_blank\" rel=\"noreferrer noopener\">Seg\u00fan el entorno<\/a>&nbsp;de Antoniali, la cifra no cubr\u00eda los gastos de escolaridad ni las expensas del hogar donde viv\u00edan los hijos.<\/p>\n\n\n\n<p>En medio del conflicto judicial por alimentos, Eduardo Fort reapareci\u00f3 p\u00fablicamente en febrero de 2024 con afirmaciones dirigidas directamente a su expareja.<\/p>\n\n\n\n<h2 class=\"wp-block-heading\"><strong>Eduardo Fort rompi\u00f3 el silencio y apunt\u00f3 contra Karina Antoniali: \u201cEstaba separado cuando conoc\u00ed a Roc\u00edo\u201d<\/strong><\/h2>\n\n\n\n<p>Durante una entrevista televisiva, Eduardo Fort respondi\u00f3 a los dichos de Karina Antoniali y aclar\u00f3 c\u00f3mo comenz\u00f3 su relaci\u00f3n con Roc\u00edo Marengo. \u201cArrancamos a salir estando yo separado, vamos a empezar por ah\u00ed. No divorciado, pero s\u00ed separado\u201d,&nbsp;<a href=\"https:\/\/www.ciudad.com.ar\/espectaculos\/2024\/02\/21\/eduardo-fort-cruzo-a-su-ex-karina-antoniali-por-hablar-de-su-relacion-con-rocio-marengo\/\" target=\"_blank\" rel=\"noreferrer noopener\">afirm\u00f3<\/a>, y&nbsp;<a href=\"https:\/\/www.ciudad.com.ar\/espectaculos\/2024\/02\/21\/eduardo-fort-cruzo-a-su-ex-karina-antoniali-por-hablar-de-su-relacion-con-rocio-marengo\/\" target=\"_blank\" rel=\"noreferrer noopener\">recalc\u00f3<\/a>&nbsp;que cumpli\u00f3 con el proceso legal en orden: separaci\u00f3n, divorcio y divisi\u00f3n de bienes.<\/p>\n\n\n\n<p>Marengo tambi\u00e9n&nbsp;<a href=\"https:\/\/www.ciudad.com.ar\/espectaculos\/2024\/02\/21\/eduardo-fort-cruzo-a-su-ex-karina-antoniali-por-hablar-de-su-relacion-con-rocio-marengo\/\" target=\"_blank\" rel=\"noreferrer noopener\">se refiri\u00f3<\/a>&nbsp;a los inicios de la relaci\u00f3n y explic\u00f3 por qu\u00e9 decidieron mantenerla en privado al comienzo.&nbsp;<a href=\"https:\/\/www.ciudad.com.ar\/espectaculos\/2024\/02\/21\/eduardo-fort-cruzo-a-su-ex-karina-antoniali-por-hablar-de-su-relacion-con-rocio-marengo\/\" target=\"_blank\" rel=\"noreferrer noopener\">Cont\u00f3<\/a>&nbsp;que trabajaba en medios vinculados a la familia Fort y no quer\u00eda mezclar lo personal con lo profesional.<\/p>\n\n\n\n<p>Meses despu\u00e9s de las declaraciones de Eduardo Fort, Roc\u00edo Marengo protagoniz\u00f3 un fuerte cruce medi\u00e1tico al referirse p\u00fablicamente a Karina Antoniali.<\/p>\n\n\n\n<h2 class=\"wp-block-heading\"><strong>Roc\u00edo Marengo lanz\u00f3 una frase contundente sobre Karina Antoniali: &#8220;Para m\u00ed no existe&#8221;<\/strong><\/h2>\n\n\n\n<p>En diciembre de 2024, Roc\u00edo Marengo&nbsp;<a href=\"https:\/\/tn.com.ar\/show\/famosos\/2024\/12\/17\/rocio-marengo-arremetio-contra-karina-antoniali-la-ex-de-eduardo-fort-para-mi-no-existe\/\" target=\"_blank\" rel=\"noreferrer noopener\">habl\u00f3<\/a>&nbsp;con un m\u00f3vil de televisi\u00f3n sobre los rumores de un posible conflicto judicial con Karina Antoniali, exesposa de Eduardo Fort. La artista&nbsp;<a href=\"https:\/\/tn.com.ar\/show\/famosos\/2024\/12\/17\/rocio-marengo-arremetio-contra-karina-antoniali-la-ex-de-eduardo-fort-para-mi-no-existe\/\" target=\"_blank\" rel=\"noreferrer noopener\">afirm\u00f3<\/a>&nbsp;que no ten\u00eda relaci\u00f3n con ella y&nbsp;<a href=\"https:\/\/tn.com.ar\/show\/famosos\/2024\/12\/17\/rocio-marengo-arremetio-contra-karina-antoniali-la-ex-de-eduardo-fort-para-mi-no-existe\/\" target=\"_blank\" rel=\"noreferrer noopener\">expres\u00f3<\/a>: \u201cDe m\u00ed no van a encontrar nada en contra de ella. Para m\u00ed no existe. Yo tambi\u00e9n tengo exnovios que no salen a hablar de m\u00ed en este momento porque yo estoy en otra\u201d.<\/p>\n\n\n\n<p>Tambi\u00e9n&nbsp;<a href=\"https:\/\/tn.com.ar\/show\/famosos\/2024\/12\/17\/rocio-marengo-arremetio-contra-karina-antoniali-la-ex-de-eduardo-fort-para-mi-no-existe\/\" target=\"_blank\" rel=\"noreferrer noopener\">neg\u00f3<\/a>&nbsp;haber recibido una notificaci\u00f3n legal, aunque advirti\u00f3 que, de llegar, estar\u00eda dispuesta a dar su versi\u00f3n ante la Justicia.<\/p>\n\n\n\n<p>Marengo asegur\u00f3 que manten\u00eda un acuerdo con Fort por su convivencia y v\u00ednculo de once a\u00f1os, y consider\u00f3 que no deb\u00eda justificarse ante terceros. \u201ces un acuerdo entre dos partes, que estamos de acuerdo y estamos felices&#8230; Al que le molesta, no me importa nada\u201d,&nbsp;<a href=\"https:\/\/tn.com.ar\/show\/famosos\/2024\/12\/17\/rocio-marengo-arremetio-contra-karina-antoniali-la-ex-de-eduardo-fort-para-mi-no-existe\/\" target=\"_blank\" rel=\"noreferrer noopener\">declar\u00f3<\/a>.<\/p>\n\n\n\n<h2 class=\"wp-block-heading\"><strong>Las cr\u00edticas de Karina Antoniali a Roc\u00edo Marengo<\/strong><\/h2>\n\n\n\n<p>En marzo de 2025, Karina Antoniali volvi\u00f3 a referirse a Roc\u00edo Marengo durante una entrevista televisiva. La exesposa de Eduardo Fort&nbsp;<a href=\"https:\/\/www.eltrecetv.com.ar\/noticias\/2025\/03\/15\/la-ex-mujer-de-eduardo-fort-apunto-contra-rocio-marengo-y-no-se-guardo-nada\/\" target=\"_blank\" rel=\"noreferrer noopener\">afirm\u00f3<\/a>&nbsp;que prefer\u00eda no involucrarse en temas relacionados con Marengo porque, seg\u00fan dijo, \u201cella siempre est\u00e1 hablando de m\u00ed y yo no le doy cabida a las personas que no me interesan\u201d.<\/p>\n\n\n\n<p>Tambi\u00e9n&nbsp;<a href=\"https:\/\/www.eltrecetv.com.ar\/noticias\/2025\/03\/15\/la-ex-mujer-de-eduardo-fort-apunto-contra-rocio-marengo-y-no-se-guardo-nada\/\" target=\"_blank\" rel=\"noreferrer noopener\">revel\u00f3<\/a>&nbsp;que recientemente hab\u00eda ganado un juicio por alimentos tras ocho a\u00f1os de reclamos por los hijos que tienen en com\u00fan con Eduardo Fort.<\/p>\n\n\n\n<figure class=\"wp-block-embed\"><div class=\"wp-block-embed__wrapper\">\nhttps:\/\/if-cdn.com\/frvvUuTF?_showcaption=false&#038;app=1\n<\/div><\/figure>\n\n\n\n<p>Antoniali&nbsp;<a href=\"https:\/\/www.eltrecetv.com.ar\/noticias\/2025\/03\/15\/la-ex-mujer-de-eduardo-fort-apunto-contra-rocio-marengo-y-no-se-guardo-nada\/\" target=\"_blank\" rel=\"noreferrer noopener\">sostuvo<\/a>&nbsp;que la relaci\u00f3n de sus hijos con Roc\u00edo no era cercana desde que la modelo, a\u00f1os atr\u00e1s, hab\u00eda tenido una discusi\u00f3n con Eduardo Fort en un programa de televisi\u00f3n. A ra\u00edz de ese episodio, seg\u00fan&nbsp;<a href=\"https:\/\/www.eltrecetv.com.ar\/noticias\/2025\/03\/15\/la-ex-mujer-de-eduardo-fort-apunto-contra-rocio-marengo-y-no-se-guardo-nada\/\" target=\"_blank\" rel=\"noreferrer noopener\">cont\u00f3<\/a>, los j\u00f3venes habr\u00edan tomado distancia.<\/p>\n\n\n\n<p>Las declaraciones cruzadas entre Karina Antoniali, Eduardo Fort y Roc\u00edo Marengo reflejan una larga historia de tensiones personales y familiares. A lo largo del tiempo, cada uno expuso su postura en medios.<\/p>\n","protected":false},"excerpt":{"rendered":"<div class=\"mh-excerpt\"><p>Eduardo Fort fue incluido en el registro de deudores alimentarios tras los reclamos de su ex, Karina Antoniali. En medio del conflicto, Roc\u00edo Marengo reaccion\u00f3 <a class=\"mh-excerpt-more\" href=\"https:\/\/animals.jkfraser.com\/?p=688\" title=\"Declararon a Eduardo Fort como deudor alimentario y Roc\u00edo Marengo tuvo una fuerte reacci\u00f3n \u2014 Foto\">[&#8230;]<\/a><\/p>\n<\/div>","protected":false},"author":1,"featured_media":698,"comment_status":"open","ping_status":"open","sticky":false,"template":"","format":"standard","meta":{"footnotes":""},"categories":[1],"tags":[],"class_list":["post-688","post","type-post","status-publish","format-standard","has-post-thumbnail","hentry","category-uncategorised"],"_links":{"self":[{"href":"https:\/\/animals.jkfraser.com\/index.php?rest_route=\/wp\/v2\/posts\/688","targetHints":{"allow":["GET"]}}],"collection":[{"href":"https:\/\/animals.jkfraser.com\/index.php?rest_route=\/wp\/v2\/posts"}],"about":[{"href":"https:\/\/animals.jkfraser.com\/index.php?rest_route=\/wp\/v2\/types\/post"}],"author":[{"embeddable":true,"href":"https:\/\/animals.jkfraser.com\/index.php?rest_route=\/wp\/v2\/users\/1"}],"replies":[{"embeddable":true,"href":"https:\/\/animals.jkfraser.com\/index.php?rest_route=%2Fwp%2Fv2%2Fcomments&post=688"}],"version-history":[{"count":1,"href":"https:\/\/animals.jkfraser.com\/index.php?rest_route=\/wp\/v2\/posts\/688\/revisions"}],"predecessor-version":[{"id":699,"href":"https:\/\/animals.jkfraser.com\/index.php?rest_route=\/wp\/v2\/posts\/688\/revisions\/699"}],"wp:featuredmedia":[{"embeddable":true,"href":"https:\/\/animals.jkfraser.com\/index.php?rest_route=\/wp\/v2\/media\/698"}],"wp:attachment":[{"href":"https:\/\/animals.jkfraser.com\/index.php?rest_route=%2Fwp%2Fv2%2Fmedia&parent=688"}],"wp:term":[{"taxonomy":"category","embeddable":true,"href":"https:\/\/animals.jkfraser.com\/index.php?rest_route=%2Fwp%2Fv2%2Fcategories&post=688"},{"taxonomy":"post_tag","embeddable":true,"href":"https:\/\/animals.jkfraser.com\/index.php?rest_route=%2Fwp%2Fv2%2Ftags&post=688"}],"curies":[{"name":"wp","href":"https:\/\/api.w.org\/{rel}","templated":true}]}}