{"id":657,"date":"2025-11-28T09:04:17","date_gmt":"2025-11-28T09:04:17","guid":{"rendered":"https:\/\/animals.jkfraser.com\/?p=657"},"modified":"2025-11-28T09:04:18","modified_gmt":"2025-11-28T09:04:18","slug":"dentro-de-la-turbulenta-historia-de-amor-de-itati-cantoral-y-eduardo-santamarina-pasion-infidelidad-y-divorcio-doloroso","status":"publish","type":"post","link":"https:\/\/animals.jkfraser.com\/?p=657","title":{"rendered":"Dentro de la turbulenta historia de amor de Itat\u00ed Cantoral y Eduardo Santamarina: Pasi\u00f3n, infidelidad y divorcio doloroso"},"content":{"rendered":"\n<figure class=\"wp-block-image size-large\"><img loading=\"lazy\" decoding=\"async\" width=\"1024\" height=\"512\" src=\"https:\/\/animals.jkfraser.com\/wp-content\/uploads\/2025\/11\/image-143-1024x512.png\" alt=\"\" class=\"wp-image-675\" srcset=\"https:\/\/animals.jkfraser.com\/wp-content\/uploads\/2025\/11\/image-143-1024x512.png 1024w, https:\/\/animals.jkfraser.com\/wp-content\/uploads\/2025\/11\/image-143-300x150.png 300w, https:\/\/animals.jkfraser.com\/wp-content\/uploads\/2025\/11\/image-143-768x384.png 768w, https:\/\/animals.jkfraser.com\/wp-content\/uploads\/2025\/11\/image-143.png 1200w\" sizes=\"auto, (max-width: 1024px) 100vw, 1024px\" \/><\/figure>\n\n\n\n<p>La relaci\u00f3n entre Itat\u00ed Cantoral y Eduardo Santamarina fue una de las m\u00e1s comentadas del espect\u00e1culo mexicano a finales de los a\u00f1os 90. Lo que comenz\u00f3 como una historia de amor apasionada, con boda sorpresa incluida y la llegada de sus mellizos, pronto se transform\u00f3 en un torbellino de rumores y tensiones que captaron la atenci\u00f3n del p\u00fablico.<\/p>\n\n\n\n<p>La actriz revel\u00f3 con los a\u00f1os que su matrimonio estuvo marcado por la intensidad, pero tambi\u00e9n por las dificultades. Entre se\u00f1alamientos de traici\u00f3n, diferencias personales y un divorcio doloroso, la pareja atraves\u00f3 momentos que dejaron huella en ambos.<\/p>\n\n\n\n<p>Hoy, dos d\u00e9cadas despu\u00e9s, su historia sigue despertando inter\u00e9s por los giros inesperados que vivieron, captando toda la atenci\u00f3n del p\u00fablico que ha seguido la vida de las dos figuras del espect\u00e1culo mexicano.<\/p>\n\n\n\n<figure class=\"wp-block-image\"><img decoding=\"async\" src=\"https:\/\/cdn.morelimedia.com\/414d2b5f9a2225ac11b1afde3e6fa9256865b72358da869f2da99731a9a15631.jpg\" alt=\"Comentario de una usuaria sobre la relaci\u00f3n entre Itat\u00ed Cantoral y Eduardo Santamarina. | Fuente: Instagram\/soycreativos\"\/><\/figure>\n\n\n\n<p>Comentario de una usuaria sobre la relaci\u00f3n entre Itat\u00ed Cantoral y Eduardo Santamarina. | Fuente: Instagram\/soycreativos<\/p>\n\n\n\n<h2 class=\"wp-block-heading\"><strong>Un romance marcado por pasi\u00f3n y giros inesperados<\/strong><\/h2>\n\n\n\n<p><strong>La historia de Itat\u00ed Cantoral y Eduardo Santamarina<\/strong>&nbsp;<a href=\"https:\/\/www.univision.com\/famosos\/itati-cantoral-eduardo-santamarina-cristian-castro-novia\" target=\"_blank\" rel=\"noreferrer noopener\">se convirti\u00f3<\/a>&nbsp;en una de las m\u00e1s medi\u00e1ticas del espect\u00e1culo mexicano a finales de los a\u00f1os 90 y principios de los 2000.<\/p>\n\n\n\n<p>Antes de llegar al altar con Santamarina,&nbsp;<strong>la actriz&nbsp;<\/strong><a href=\"https:\/\/www.univision.com\/famosos\/itati-cantoral-eduardo-santamarina-cristian-castro-novia\" target=\"_blank\" rel=\"noreferrer noopener\"><strong>vivi\u00f3<\/strong><\/a><strong>&nbsp;un breve romance con Cristian Castro<\/strong>, a quien conoci\u00f3 en 1999 cuando particip\u00f3 como modelo en el videoclip &#8220;Volver a Amar&#8221;.<\/p>\n\n\n\n<p>En entrevista, Cantoral&nbsp;<a href=\"https:\/\/www.revistafama.com\/celebridades\/itati-cantoral-se-caso-con-eduardo-santamarina-siendo-novia-de-cristian-castro\" target=\"_blank\" rel=\"noreferrer noopener\">record\u00f3<\/a>&nbsp;que&nbsp;<strong>el cantante incluso pidi\u00f3 su mano a su padre, don Roberto Cantoral,<\/strong>&nbsp;pero todo cambi\u00f3 cuando Eduardo reapareci\u00f3. En plena grabaci\u00f3n de una telenovela, el actor&nbsp;<a href=\"https:\/\/www.revistafama.com\/celebridades\/itati-cantoral-se-caso-con-eduardo-santamarina-siendo-novia-de-cristian-castro\" target=\"_blank\" rel=\"noreferrer noopener\">le propuso matrimonio<\/a>&nbsp;usando el apuntador: &#8220;Itat\u00ed \u00bfte quieres casar conmigo?&#8221;.<\/p>\n\n\n\n<p><strong>Santamarina le<\/strong><a href=\"https:\/\/www.revistafama.com\/celebridades\/itati-cantoral-se-caso-con-eduardo-santamarina-siendo-novia-de-cristian-castro\" target=\"_blank\" rel=\"noreferrer noopener\"><strong>&nbsp;pidi\u00f3<\/strong><\/a><strong>&nbsp;que terminara su relaci\u00f3n con Cristian<\/strong>&nbsp;y se casaran de inmediato, lo que ella acept\u00f3. El matrimonio civil&nbsp;<a href=\"https:\/\/www.revistafama.com\/celebridades\/itati-cantoral-se-caso-con-eduardo-santamarina-siendo-novia-de-cristian-castro\" target=\"_blank\" rel=\"noreferrer noopener\">se realiz\u00f3<\/a>&nbsp;el 19 de septiembre de 1999 y, poco despu\u00e9s, el 22 de enero de 2000, celebraron la ceremonia religiosa. Al poco tiempo, se convirtieron en padres de mellizos, Eduardo y Roberto, quienes hoy tienen 23 a\u00f1os.<\/p>\n\n\n\n<figure class=\"wp-block-image\"><img decoding=\"async\" src=\"https:\/\/cdn.morelimedia.com\/65733810d5cf112d4ac3af9551e31b39fa354224a6a79eff4b5d0023896254d5.jpg\" alt=\"La cantante Itati Cantoral posa en el Estudio A de Telemundo, donde asisti\u00f3 a una fiesta celebrando el lanzamiento de su nuevo CD el 21 de julio de 2004 en Miami, Florida. | Fuente: Getty Images.\"\/><\/figure>\n\n\n\n<p>La cantante Itati Cantoral posa en el Estudio A de Telemundo, donde asisti\u00f3 a una fiesta celebrando el lanzamiento de su nuevo CD el 21 de julio de 2004 en Miami, Florida. | Fuente: Getty Images.<\/p>\n\n\n\n<h2 class=\"wp-block-heading\"><strong>Una pareja querida que termin\u00f3 entre rumores de infidelidad<\/strong><\/h2>\n\n\n\n<p>En el set de &#8220;Salud, Dinero y Amor&#8221;&nbsp;<a href=\"https:\/\/www.metroworldnews.com\/entretenimiento\/2024\/08\/05\/asi-fue-la-historia-de-amor-de-itati-cantoral-y-eduardo-santamarina\/\" target=\"_blank\" rel=\"noreferrer noopener\">naci\u00f3 la chispa<\/a>&nbsp;entre los actores, quienes&nbsp;<strong>r\u00e1pidamente se convirtieron en una de las parejas m\u00e1s populares de las telenovelas.&nbsp;<\/strong>Sin embargo, la felicidad no dur\u00f3 mucho: tras casi cinco a\u00f1os de matrimonio, en 2004&nbsp;<a href=\"https:\/\/www.metroworldnews.com\/entretenimiento\/2024\/08\/05\/asi-fue-la-historia-de-amor-de-itati-cantoral-y-eduardo-santamarina\/\" target=\"_blank\" rel=\"noreferrer noopener\">anunciaron<\/a>&nbsp;su separaci\u00f3n.<\/p>\n\n\n\n<p><strong>La ruptura estuvo acompa\u00f1ada de fuertes&nbsp;<\/strong><a href=\"https:\/\/www.infobae.com\/mexico\/2024\/07\/29\/shanik-berman-sostiene-que-eduardo-santamarina-si-le-fue-infiel-a-itati-cantoral-con-susana-gonzalez-esto-conto\/\" target=\"_blank\" rel=\"noreferrer noopener\"><strong>rumores sobre una infidelidad<\/strong><\/a><strong>&nbsp;<\/strong>de Eduardo con Susana Gonz\u00e1lez, con quien compart\u00eda cr\u00e9ditos en &#8220;Velo de Novia&#8221;.<\/p>\n\n\n\n<figure class=\"wp-block-image\"><img decoding=\"async\" src=\"https:\/\/cdn.morelimedia.com\/c57784bbb999238564adb56efaa03dace5b0f734ca02e53d16e4d3819d46986f.jpg\" alt=\"Itati Cantoral (R) durante los premios Bravo el 5 de octubre de 2010 en la Ciudad de M\u00e9xico, M\u00e9xico. | Fuente: Getty Images.\"\/><\/figure>\n\n\n\n<p>Itati Cantoral (R) durante los premios Bravo el 5 de octubre de 2010 en la Ciudad de M\u00e9xico, M\u00e9xico. | Fuente: Getty Images.<\/p>\n\n\n\n<p><strong>Shanik Berman&nbsp;<\/strong><a href=\"https:\/\/www.infobae.com\/mexico\/2024\/07\/29\/shanik-berman-sostiene-que-eduardo-santamarina-si-le-fue-infiel-a-itati-cantoral-con-susana-gonzalez-esto-conto\/\" target=\"_blank\" rel=\"noreferrer noopener\"><strong>record\u00f3<\/strong><\/a><strong>&nbsp;que &#8220;todo mundo sab\u00edamos que era por Susana<\/strong>&nbsp;y lo segu\u00edan negando&#8221;. Tiempo despu\u00e9s, Santamarina y Gonz\u00e1lez confirmaron su relaci\u00f3n, aunque no prosper\u00f3, ya que el actor termin\u00f3 cas\u00e1ndose con Mayr\u00edn Villanueva en 2009.<\/p>\n\n\n\n<p><strong>Cantoral&nbsp;<\/strong><a href=\"https:\/\/www.telemundo.com\/entretenimiento\/farandula\/famosos\/itati-cantoral-revelo-el-verdadero-motivo-de-su-divorcio-con-eduardo-santamarina-tmna3886497\" target=\"_blank\" rel=\"noreferrer noopener\"><strong>confirm\u00f3<\/strong><\/a><strong>&nbsp;a\u00f1os despu\u00e9s que s\u00ed existi\u00f3 una traici\u00f3n<\/strong>, aunque tambi\u00e9n reconoci\u00f3 que la relaci\u00f3n ya estaba muy desgastada: &#8220;Ya est\u00e1bamos separados, ya est\u00e1bamos mal&#8221;.<\/p>\n\n\n\n<h2 class=\"wp-block-heading\"><strong>Los usuarios reaccionan ante el divorcio y la infidelidad<\/strong><\/h2>\n\n\n\n<p><strong>Las declaraciones y recuerdos de Itat\u00ed no pasaron desapercibidos<\/strong>&nbsp;entre los seguidores, quienes dejaron mensajes contundentes en los que expresaron su opini\u00f3n ante lo que ocurri\u00f3 entre los actores.<\/p>\n\n\n\n<p><em><strong>&#8220;Madre fuerte y digna&#8221;,<\/strong><\/em>&nbsp;<a href=\"https:\/\/www.instagram.com\/p\/DPMtUsFksfu\/c\/18043616285667920\/\" target=\"_blank\" rel=\"noreferrer noopener\">manifest\u00f3<\/a>&nbsp;un internauta en apoyo a lo que vivi\u00f3 Itat\u00ed, al tiempo que otro&nbsp;<a href=\"https:\/\/www.instagram.com\/p\/DPMtUsFksfu\/c\/18074515238122973\/\" target=\"_blank\" rel=\"noreferrer noopener\">opin\u00f3<\/a>:&nbsp;<em>&#8220;Se ve que \u00e9l es igual en la vida real el papel que hace en las novelas&#8221;.<\/em><\/p>\n\n\n\n<p><em><strong>&#8220;\u00a1Aunque duela uno nunca debe perder la dignidad&nbsp;<\/strong>y menos cuando no fue culpa de uno!&#8221;,<\/em>&nbsp;<a href=\"https:\/\/www.instagram.com\/p\/DPMtUsFksfu\/c\/18534003316017964\/\" target=\"_blank\" rel=\"noreferrer noopener\">escribi\u00f3&nbsp;<\/a>alguien m\u00e1s.<\/p>\n\n\n\n<p>Otro suscriptor&nbsp;<a href=\"https:\/\/www.instagram.com\/p\/DPMtUsFksfu\/?img_index=1\" target=\"_blank\" rel=\"noreferrer noopener\">escribi\u00f3<\/a>:&nbsp;<em><strong>&#8220;Itat\u00ed lo dio todo por \u00e9l..<\/strong>. \u00e9l la traicion\u00f3, la dej\u00f3 sola con los ni\u00f1os peque\u00f1os&#8221;.<\/em><\/p>\n\n\n\n<p><em>&#8220;Nunca se mostr\u00f3 como la mujer sufrida y luch\u00f3 por sus hijos&#8221;<\/em>,&nbsp;<a href=\"https:\/\/www.instagram.com\/p\/DPMtUsFksfu\/c\/18097662943582096\/\" target=\"_blank\" rel=\"noreferrer noopener\">agreg\u00f3<\/a>&nbsp;una seguidora.<\/p>\n\n\n\n<figure class=\"wp-block-embed\"><div class=\"wp-block-embed__wrapper\">\nhttps:\/\/if-cdn.com\/kXnD9bAo?_showcaption=false&#038;app=1\n<\/div><\/figure>\n\n\n\n<h2 class=\"wp-block-heading\"><strong>La verdadera raz\u00f3n detr\u00e1s del divorcio<\/strong><\/h2>\n\n\n\n<p>En conversaci\u00f3n con Yordi Rosado,&nbsp;<strong>Itat\u00ed&nbsp;<\/strong><a href=\"https:\/\/www.telemundo.com\/entretenimiento\/farandula\/famosos\/itati-cantoral-revelo-el-verdadero-motivo-de-su-divorcio-con-eduardo-santamarina-tmna3886497\" target=\"_blank\" rel=\"noreferrer noopener\"><strong>revel\u00f3<\/strong><\/a><strong>&nbsp;que Susana Gonz\u00e1lez no fue la causa de su divorcio.<\/strong>&nbsp;&#8220;Te voy a decir una cosa, no fue Susana Gonz\u00e1lez. Fue hace tantos a\u00f1os, seguramente, tuve muchos errores, yo tambi\u00e9n,&nbsp;<strong>hubo muchos errores, no s\u00e9 si m\u00e1s m\u00edos o de \u00e9l&#8221;.<\/strong><\/p>\n\n\n\n<p>Cantoral&nbsp;<a href=\"https:\/\/www.telemundo.com\/entretenimiento\/farandula\/famosos\/itati-cantoral-revelo-el-verdadero-motivo-de-su-divorcio-con-eduardo-santamarina-tmna3886497\" target=\"_blank\" rel=\"noreferrer noopener\">confes\u00f3<\/a>&nbsp;que tambi\u00e9n<strong>&nbsp;comenz\u00f3 a salir con otra persona, el actor Gabriel Porras, antes de formalizar la separaci\u00f3n<\/strong>&nbsp;<strong>legal.<\/strong>&nbsp;&#8220;Yo tambi\u00e9n lo hice, entonces no la odiaba&#8221;,&nbsp;<a href=\"https:\/\/www.telemundo.com\/entretenimiento\/farandula\/famosos\/itati-cantoral-revelo-el-verdadero-motivo-de-su-divorcio-con-eduardo-santamarina-tmna3886497\" target=\"_blank\" rel=\"noreferrer noopener\">expres\u00f3<\/a>. Sin embargo,&nbsp;<a href=\"https:\/\/www.telemundo.com\/entretenimiento\/farandula\/famosos\/itati-cantoral-revelo-el-verdadero-motivo-de-su-divorcio-con-eduardo-santamarina-tmna3886497\" target=\"_blank\" rel=\"noreferrer noopener\">admiti\u00f3<\/a>&nbsp;que fue un proceso muy doloroso: &#8220;El primer golpe grande de mi vida fue mi primer divorcio, no lo pod\u00eda creer&#8221;.<\/p>\n\n\n\n<h2 class=\"wp-block-heading\"><strong>De la ruptura a la amistad<\/strong><\/h2>\n\n\n\n<p>Hoy, veinte a\u00f1os despu\u00e9s,&nbsp;<strong>la relaci\u00f3n entre ambos ha dado un giro inesperado<\/strong>. Itat\u00ed&nbsp;<a href=\"https:\/\/www.hola.com\/us-es\/celebrities\/2023110249492\/itati-cantoral-eduardo-santamarina-amistad-tras-divorcio\/\" target=\"_blank\" rel=\"noreferrer noopener\">confes\u00f3<\/a>&nbsp;que Eduardo Santamarina es&nbsp;<strong>uno de sus mejores amigos:&nbsp;<\/strong>&#8220;Obviamente, los divorcios son dif\u00edciles, pero ahora es uno de mis mejores amigos, me conoce desde los 16 a\u00f1os de edad. Es mi mejor amigo Eduardo Santamarina&#8221;.<\/p>\n\n\n\n<figure class=\"wp-block-embed\"><div class=\"wp-block-embed__wrapper\">\nhttps:\/\/if-cdn.com\/z3aPhcV4?_showcaption=false&#038;app=1\n<\/div><\/figure>\n\n\n\n<p>Adem\u00e1s,&nbsp;<a href=\"https:\/\/www.hola.com\/us-es\/celebrities\/2023110249492\/itati-cantoral-eduardo-santamarina-amistad-tras-divorcio\/\" target=\"_blank\" rel=\"noreferrer noopener\">destac\u00f3<\/a>&nbsp;que han logrado mantener un buen equipo como padres de sus mellizos y que, incluso, ha podido entablar una relaci\u00f3n cordial con otras exparejas en beneficio de sus hijos.<\/p>\n\n\n\n<figure class=\"wp-block-embed\"><div class=\"wp-block-embed__wrapper\">\nhttps:\/\/if-cdn.com\/K31HfTZX?_showcaption=false&#038;app=1\n<\/div><\/figure>\n\n\n\n<p>La historia de Itat\u00ed Cantoral y Eduardo Santamarina estuvo marcada por la pasi\u00f3n, la traici\u00f3n y un divorcio doloroso, pero tambi\u00e9n por la resiliencia. Hoy, ambos actores han logrado transformar sus heridas en una amistad s\u00f3lida y en un v\u00ednculo sano para sus hijos.<\/p>\n","protected":false},"excerpt":{"rendered":"<div class=\"mh-excerpt\"><p>La relaci\u00f3n entre Itat\u00ed Cantoral y Eduardo Santamarina fue una de las m\u00e1s comentadas del espect\u00e1culo mexicano a finales de los a\u00f1os 90. Lo que <a class=\"mh-excerpt-more\" href=\"https:\/\/animals.jkfraser.com\/?p=657\" title=\"Dentro de la turbulenta historia de amor de Itat\u00ed Cantoral y Eduardo Santamarina: Pasi\u00f3n, infidelidad y divorcio doloroso\">[&#8230;]<\/a><\/p>\n<\/div>","protected":false},"author":1,"featured_media":675,"comment_status":"open","ping_status":"open","sticky":false,"template":"","format":"standard","meta":{"footnotes":""},"categories":[1],"tags":[],"class_list":["post-657","post","type-post","status-publish","format-standard","has-post-thumbnail","hentry","category-uncategorised"],"_links":{"self":[{"href":"https:\/\/animals.jkfraser.com\/index.php?rest_route=\/wp\/v2\/posts\/657","targetHints":{"allow":["GET"]}}],"collection":[{"href":"https:\/\/animals.jkfraser.com\/index.php?rest_route=\/wp\/v2\/posts"}],"about":[{"href":"https:\/\/animals.jkfraser.com\/index.php?rest_route=\/wp\/v2\/types\/post"}],"author":[{"embeddable":true,"href":"https:\/\/animals.jkfraser.com\/index.php?rest_route=\/wp\/v2\/users\/1"}],"replies":[{"embeddable":true,"href":"https:\/\/animals.jkfraser.com\/index.php?rest_route=%2Fwp%2Fv2%2Fcomments&post=657"}],"version-history":[{"count":1,"href":"https:\/\/animals.jkfraser.com\/index.php?rest_route=\/wp\/v2\/posts\/657\/revisions"}],"predecessor-version":[{"id":676,"href":"https:\/\/animals.jkfraser.com\/index.php?rest_route=\/wp\/v2\/posts\/657\/revisions\/676"}],"wp:featuredmedia":[{"embeddable":true,"href":"https:\/\/animals.jkfraser.com\/index.php?rest_route=\/wp\/v2\/media\/675"}],"wp:attachment":[{"href":"https:\/\/animals.jkfraser.com\/index.php?rest_route=%2Fwp%2Fv2%2Fmedia&parent=657"}],"wp:term":[{"taxonomy":"category","embeddable":true,"href":"https:\/\/animals.jkfraser.com\/index.php?rest_route=%2Fwp%2Fv2%2Fcategories&post=657"},{"taxonomy":"post_tag","embeddable":true,"href":"https:\/\/animals.jkfraser.com\/index.php?rest_route=%2Fwp%2Fv2%2Ftags&post=657"}],"curies":[{"name":"wp","href":"https:\/\/api.w.org\/{rel}","templated":true}]}}