{"id":599,"date":"2025-11-23T16:44:22","date_gmt":"2025-11-23T16:44:22","guid":{"rendered":"https:\/\/animals.jkfraser.com\/?p=599"},"modified":"2025-11-23T16:44:23","modified_gmt":"2025-11-23T16:44:23","slug":"el-hombre-que-disparo-a-una-trabajadora-de-limpieza-guatemalteca-cerca-de-la-casa-ha-sido-acusado-nuevos-detalles-del-caso-de-maria-perez","status":"publish","type":"post","link":"https:\/\/animals.jkfraser.com\/?p=599","title":{"rendered":"El hombre que dispar\u00f3 a una trabajadora de limpieza guatemalteca cerca de la casa ha sido acusado \u2014 Nuevos detalles del caso de Mar\u00eda P\u00e9rez"},"content":{"rendered":"\n<figure class=\"wp-block-image size-large\"><img loading=\"lazy\" decoding=\"async\" width=\"1024\" height=\"512\" src=\"https:\/\/animals.jkfraser.com\/wp-content\/uploads\/2025\/11\/image-125-1024x512.png\" alt=\"\" class=\"wp-image-617\" srcset=\"https:\/\/animals.jkfraser.com\/wp-content\/uploads\/2025\/11\/image-125-1024x512.png 1024w, https:\/\/animals.jkfraser.com\/wp-content\/uploads\/2025\/11\/image-125-300x150.png 300w, https:\/\/animals.jkfraser.com\/wp-content\/uploads\/2025\/11\/image-125-768x384.png 768w, https:\/\/animals.jkfraser.com\/wp-content\/uploads\/2025\/11\/image-125.png 1200w\" sizes=\"auto, (max-width: 1024px) 100vw, 1024px\" \/><\/figure>\n\n\n\n<p>El due\u00f1o de la vivienda enfrenta cargos de homicidio voluntario por disparar a la trabajadora guatemalteca Mar\u00eda P\u00e9rez, quien acudi\u00f3 a una casa por error en Indiana. El caso reabre el debate sobre la defensa propia en EE. UU.<\/p>\n\n\n\n<p>Una tragedia que comenz\u00f3 con una simple confusi\u00f3n de direcciones termin\u00f3 con la muerte de una madre inmigrante y ha generado un complejo debate legal en Estados Unidos.<\/p>\n\n\n\n<figure class=\"wp-block-image\"><img decoding=\"async\" src=\"https:\/\/cdn.morelimedia.com\/fef679b7e7167a48d56d1c736d12ec6b462fad102b732c44a0074be81f0d4d17.jpg\" alt=\"El lugar de la tragedia | Fuente: YouTube\/WTHR\"\/><\/figure>\n\n\n\n<p>El lugar de la tragedia | Fuente: YouTube\/WTHR<\/p>\n\n\n\n<p>La familia de la v\u00edctima&nbsp;<a href=\"https:\/\/www.nytimes.com\/2025\/11\/17\/us\/curt-andersen-indiana-shooting-charges.html\" target=\"_blank\" rel=\"noreferrer noopener\">hab\u00eda estado pidiendo<\/a>&nbsp;que se presentaran cargos contra el responsable del disparo, un reclamo que llevaron a entrevistas, redes sociales y a las puertas de la oficina del fiscal.<\/p>\n\n\n\n<p>El&nbsp;<a href=\"https:\/\/www.indystar.com\/story\/news\/crime\/2025\/11\/17\/family-attorney-gives-statement-following-whitestown-homeowner-arrest-curt-douglas-andersen\/87323858007\/\" target=\"_blank\" rel=\"noreferrer noopener\">lunes 17 de noviembre<\/a>, el fiscal de condado de Boone, Kent T. Eastwood, anunci\u00f3 la presentaci\u00f3n de cargos penales contra el propietario de la vivienda.<\/p>\n\n\n\n<h2 class=\"wp-block-heading\"><strong>El caso: Mar\u00eda P\u00e9rez y el disparo fatal en Indiana<\/strong><\/h2>\n\n\n\n<p><a href=\"https:\/\/morelimedia.com\/481335-una-senora-de-la-limpieza-perdio-la-vida.html\">Mar\u00eda Florinda R\u00edos P\u00e9rez<\/a>, inmigrante guatemalteca, hab\u00eda acudido a una residencia de Whitestown, Indiana, en compa\u00f1\u00eda de su esposo, como parte de un equipo de limpieza. Las autoridades policiales confirmaron que la pareja lleg\u00f3 a la direcci\u00f3n equivocada.<\/p>\n\n\n\n<figure class=\"wp-block-image\"><img decoding=\"async\" src=\"https:\/\/cdn.morelimedia.com\/33e21508c2aac3051cdfaafb02ae204747353f623b8924e99fb9af04ef5ab4db.png\" alt=\"Una reportera analiza los documentos disponibles sobre el caso | Fuente: YouTube\/WTHR\"\/><\/figure>\n\n\n\n<p>Una reportera analiza los documentos disponibles sobre el caso | Fuente: YouTube\/WTHR<\/p>\n\n\n\n<p>El&nbsp;<a href=\"https:\/\/www.indystar.com\/story\/news\/crime\/2025\/11\/17\/family-attorney-gives-statement-following-whitestown-homeowner-arrest-curt-douglas-andersen\/87323858007\/\" target=\"_blank\" rel=\"noreferrer noopener\">esposo<\/a>&nbsp;de Mar\u00eda, Mauricio P\u00e9rez-Vel\u00e1squez, tuvo problemas para abrir la puerta de la casa, momento en que su esposa se acerc\u00f3 a ayudarlo y brome\u00f3 sobre su vista, tomando las llaves de sus manos.<\/p>\n\n\n\n<p>Instantes despu\u00e9s, una&nbsp;<a href=\"https:\/\/morelimedia.com\/481335-una-senora-de-la-limpieza-perdio-la-vida.html\">bala atraves\u00f3<\/a>&nbsp;la puerta principal de la vivienda, hiriendo de muerte a Mar\u00eda.<\/p>\n\n\n\n<p>La polic\u00eda&nbsp;<a href=\"https:\/\/www.indystar.com\/story\/news\/crime\/2025\/11\/17\/family-attorney-gives-statement-following-whitestown-homeowner-arrest-curt-douglas-andersen\/87323858007\/\" target=\"_blank\" rel=\"noreferrer noopener\">acudi\u00f3<\/a>&nbsp;al sitio, en el vecindario Heritage, a las 6:49 a.m., luego de recibir una llamada de emergencia reportando una posible entrada forzada. Las autoridades confirmaron despu\u00e9s que se trat\u00f3 de un error de direcci\u00f3n y que no hubo ning\u00fan intento de robo ni invasi\u00f3n.<\/p>\n\n\n\n<figure class=\"wp-block-image\"><img decoding=\"async\" src=\"https:\/\/cdn.morelimedia.com\/9a3dfddd84bb1e6c84b62943cd856b9fd473fc7d4733bbda7c1dc1a6e4ee25e5.png\" alt=\"La polic\u00eda en el lugar de los hechos | Fuente: YouTube\/WTHR\"\/><\/figure>\n\n\n\n<p>La polic\u00eda en el lugar de los hechos | Fuente: YouTube\/WTHR<\/p>\n\n\n\n<h2 class=\"wp-block-heading\"><strong>Novedades del caso: Curt Douglas Andersen<\/strong><\/h2>\n\n\n\n<p>El&nbsp;<a href=\"https:\/\/www.nytimes.com\/2025\/11\/17\/us\/curt-andersen-indiana-shooting-charges.html\" target=\"_blank\" rel=\"noreferrer noopener\">hombre acusado<\/a>&nbsp;fue identificado como Curt Douglas Andersen, de 62 a\u00f1os, propietario de la casa en Whitestown. Andersen, un excabo de enfermer\u00eda de la Marina, fue acusado de homicidio voluntario, un delito grave que puede acarrear entre 10 y 30 a\u00f1os de prisi\u00f3n. Fue&nbsp;<a href=\"https:\/\/www.indystar.com\/story\/news\/crime\/2025\/11\/17\/family-attorney-gives-statement-following-whitestown-homeowner-arrest-curt-douglas-andersen\/87323858007\/\" target=\"_blank\" rel=\"noreferrer noopener\">ingresado<\/a>&nbsp;en la c\u00e1rcel del condado de Boone el 17 de noviembre.<\/p>\n\n\n\n<figure class=\"wp-block-image\"><img decoding=\"async\" src=\"https:\/\/cdn.morelimedia.com\/5a19656bb19c781851fb6bbdc9a0a4b8f226e6768771c840a5130880528e28bf.png\" alt=\"El acusado, Curt Douglas Andersen | Fuente: YouTube\/WTHR\"\/><\/figure>\n\n\n\n<p>El acusado, Curt Douglas Andersen | Fuente: YouTube\/WTHR<\/p>\n\n\n\n<p>Andersen&nbsp;<a href=\"https:\/\/www.nytimes.com\/2025\/11\/17\/us\/curt-andersen-indiana-shooting-charges.html\" target=\"_blank\" rel=\"noreferrer noopener\">declar\u00f3<\/a>&nbsp;a la polic\u00eda que estaba durmiendo con su esposa en el segundo piso de su casa cuando un ruido lo despert\u00f3. Al mirar por una ventana, vio a dos personas y crey\u00f3 que intentaban entrar por la fuerza.<\/p>\n\n\n\n<p>En su declaraci\u00f3n, el acusado&nbsp;<a href=\"https:\/\/www.nytimes.com\/2025\/11\/17\/us\/curt-andersen-indiana-shooting-charges.html\" target=\"_blank\" rel=\"noreferrer noopener\">dijo<\/a>&nbsp;que tom\u00f3 una pistola Glock, que hab\u00eda comprado ese mismo a\u00f1o, la carg\u00f3 y dispar\u00f3 en direcci\u00f3n de la puerta principal. La bala atraves\u00f3 la puerta y alcanz\u00f3 a R\u00edos P\u00e9rez.<\/p>\n\n\n\n<figure class=\"wp-block-image\"><img decoding=\"async\" src=\"https:\/\/cdn.morelimedia.com\/a88a888688b808815506c002ed7960d9bb4342e4892976d01dd52f8a04e263c0.png\" alt=\"Documento con las declaraciones del acusado: &quot;Cuando se le pregunt\u00f3, Curt dijo que no se anunci\u00f3 ni dijo nada a los dos individuos antes de disparar&quot; | Fuente: YouTube\/WTHR\"\/><\/figure>\n\n\n\n<p>Documento con las declaraciones del acusado: &#8220;Cuando se le pregunt\u00f3, Curt dijo que no se anunci\u00f3 ni dijo nada a los dos individuos antes de disparar&#8221; | Fuente: YouTube\/WTHR<\/p>\n\n\n\n<p>Andersen&nbsp;<a href=\"https:\/\/www.nytimes.com\/2025\/11\/17\/us\/curt-andersen-indiana-shooting-charges.html\" target=\"_blank\" rel=\"noreferrer noopener\">declar\u00f3<\/a>&nbsp;que no intent\u00f3 comunicarse con las personas que estaban afuera antes de disparar, pues estaba &#8220;aterrorizado&#8221; de que fueran a entrar.<\/p>\n\n\n\n<p>El acusado&nbsp;<a href=\"https:\/\/www.nytimes.com\/2025\/11\/17\/us\/curt-andersen-indiana-shooting-charges.html\" target=\"_blank\" rel=\"noreferrer noopener\">dijo<\/a>&nbsp;haber escuchado &#8220;empujones&#8221; en la puerta que se volv\u00edan m\u00e1s agresivos. No obstante, el esposo de la v\u00edctima, Mauricio P\u00e9rez-Vel\u00e1squez,&nbsp;<a href=\"https:\/\/www.nytimes.com\/2025\/11\/17\/us\/curt-andersen-indiana-shooting-charges.html\" target=\"_blank\" rel=\"noreferrer noopener\">declar\u00f3<\/a>&nbsp;a la polic\u00eda que no golpearon ni llamaron a la puerta: solo probaron varias llaves para intentar ingresar, durante lo que \u00e9l estima, fueron entre 30 segundos y un minuto.<\/p>\n\n\n\n<figure class=\"wp-block-image\"><img decoding=\"async\" src=\"https:\/\/cdn.morelimedia.com\/ab6cd33ab50be3113aea9fec421c971b21e844515306aa8567abe9ac7d2b7f03.png\" alt=\"La v\u00edctima, Mar\u00eda Florinda R\u00edos P\u00e9rez de Vel\u00e1squez | Fuente: YouTube\/WTHR\"\/><\/figure>\n\n\n\n<p>La v\u00edctima, Mar\u00eda Florinda R\u00edos P\u00e9rez de Vel\u00e1squez | Fuente: YouTube\/WTHR<\/p>\n\n\n\n<h2 class=\"wp-block-heading\"><strong>La postura legal<\/strong><\/h2>\n\n\n\n<p>El abogado de la familia de Mar\u00eda Florinda R\u00edos P\u00e9rez de Vel\u00e1squez, Alex J. Limontes,&nbsp;<a href=\"https:\/\/www.indystar.com\/story\/news\/crime\/2025\/11\/17\/family-attorney-gives-statement-following-whitestown-homeowner-arrest-curt-douglas-andersen\/87323858007\/\" target=\"_blank\" rel=\"noreferrer noopener\">manifest\u00f3<\/a>&nbsp;que la familia estaba &#8220;feliz&#8221; de ver que se presentaran cargos penales por la muerte &#8220;tr\u00e1gica y prevenible&#8221; de la mujer.<\/p>\n\n\n\n<p>El abogado&nbsp;<a href=\"https:\/\/www.indystar.com\/story\/news\/crime\/2025\/11\/17\/family-attorney-gives-statement-following-whitestown-homeowner-arrest-curt-douglas-andersen\/87323858007\/\" target=\"_blank\" rel=\"noreferrer noopener\">sostuvo<\/a>&nbsp;que la v\u00edctima &#8220;simplemente llegaba a limpiar una casa&#8221; y que estaba &#8220;haciendo su trabajo, manteniendo a su familia y contribuyendo a su comunidad&#8221;.<\/p>\n\n\n\n<p>Por su parte, el abogado defensor de Curt Douglas Andersen, Guy Relford, especialista en la Segunda Enmienda,&nbsp;<a href=\"https:\/\/www.indystar.com\/story\/news\/crime\/2025\/11\/17\/family-attorney-gives-statement-following-whitestown-homeowner-arrest-curt-douglas-andersen\/87323858007\/\" target=\"_blank\" rel=\"noreferrer noopener\">declar\u00f3<\/a>&nbsp;que esperaba probar en la corte que las acciones de su cliente estaban &#8220;plenamente justificadas&#8221; bajo la &#8220;doctrina del castillo&#8221; de Indiana.<\/p>\n\n\n\n<figure class=\"wp-block-image\"><img decoding=\"async\" src=\"https:\/\/cdn.morelimedia.com\/bd49082c91c59dd225df1250aa9478e8f5f9385988e9e98d4696d806cd92cba8.png\" alt=\"Las declaraciones de la justicia: &quot;La defensa propia no se aplica en este caso&quot; | Fuente: YouTube\/WTHR\"\/><\/figure>\n\n\n\n<p>Las declaraciones de la justicia: &#8220;La defensa propia no se aplica en este caso&#8221; | Fuente: YouTube\/WTHR<\/p>\n\n\n\n<p>La ley de Indiana&nbsp;<a href=\"https:\/\/www.indystar.com\/story\/news\/crime\/2025\/11\/17\/family-attorney-gives-statement-following-whitestown-homeowner-arrest-curt-douglas-andersen\/87323858007\/\" target=\"_blank\" rel=\"noreferrer noopener\">permite<\/a>&nbsp;el uso de fuerza razonable, incluida la fuerza letal, si una persona cree que es necesaria para evitar una entrada ilegal a su hogar.<\/p>\n\n\n\n<h2 class=\"wp-block-heading\"><strong>La grabaci\u00f3n policial: El relato minuto a minuto<\/strong><\/h2>\n\n\n\n<p>Una&nbsp;<a href=\"https:\/\/www.indystar.com\/story\/news\/crime\/2025\/11\/13\/police-detained-two-in-aftermath-of-whitestown-shooting-maria-rios-perez-heritage-maize-lane-cleaner\/87258582007\/\" target=\"_blank\" rel=\"noreferrer noopener\">grabaci\u00f3n<\/a>&nbsp;de dos minutos y medio de la polic\u00eda, publicada por los medios, ofreci\u00f3 un relato m\u00e1s cercano a los hechos. La grabaci\u00f3n&nbsp;<a href=\"https:\/\/www.facebook.com\/reel\/25030882819894877\" target=\"_blank\" rel=\"noreferrer noopener\">comienza<\/a>&nbsp;con una operadora de despacho informando a los agentes que ten\u00eda un hombre al tel\u00e9fono pidiendo el env\u00edo inmediato de la polic\u00eda, diciendo que &#8220;hay alguien entrando a la fuerza&#8221;. El hombre&nbsp;<a href=\"https:\/\/www.facebook.com\/reel\/25030882819894877\" target=\"_blank\" rel=\"noreferrer noopener\">describi\u00f3<\/a>&nbsp;a los presuntos intrusos como dos varones hispanos.<\/p>\n\n\n\n<p>Cuando los oficiales llegaron, uno de ellos pidi\u00f3 la presencia de param\u00e9dicos,&nbsp;<a href=\"https:\/\/www.facebook.com\/reel\/25030882819894877\" target=\"_blank\" rel=\"noreferrer noopener\">diciendo<\/a>: &#8220;Despacho, tenemos un herido de bala&#8221;. El due\u00f1o de la casa estaba en comunicaci\u00f3n con el 911 desde un dormitorio en el piso de arriba.<\/p>\n\n\n\n<figure class=\"wp-block-image\"><img decoding=\"async\" src=\"https:\/\/cdn.morelimedia.com\/9b858af46203d7ff80c2a56e0d57c305b26f0e5ea595dd095b018e62c16ec698.png\" alt=\"El lugar de los hechos | Fuente: YouTube\/WTHR\"\/><\/figure>\n\n\n\n<p>El lugar de los hechos | Fuente: YouTube\/WTHR<\/p>\n\n\n\n<p>El due\u00f1o de casa solicit\u00f3 ser puesto bajo custodia por la puerta trasera. Un param\u00e9dico en la escena&nbsp;<a href=\"https:\/\/www.facebook.com\/reel\/25030882819894877\" target=\"_blank\" rel=\"noreferrer noopener\">mencion\u00f3<\/a>: &#8220;A\u00fan lo escucho llorar junto a la puerta principal. No se ha movido&#8221;.<\/p>\n\n\n\n<p>Los oficiales&nbsp;<a href=\"https:\/\/www.facebook.com\/reel\/25030882819894877\" target=\"_blank\" rel=\"noreferrer noopener\">accedieron<\/a>&nbsp;a la solicitud del due\u00f1o de casa de salir por la puerta trasera, pero el hombre segu\u00eda dudando. La operadora de despacho&nbsp;<a href=\"https:\/\/www.facebook.com\/reel\/25030882819894877\" target=\"_blank\" rel=\"noreferrer noopener\">dijo<\/a>&nbsp;que el due\u00f1o de casa estaba &#8220;hablando continuamente sobre la persona tendida en el porche delantero y los oficiales apuntando con sus armas&#8221;. La operadora finalmente&nbsp;<a href=\"https:\/\/www.facebook.com\/reel\/25030882819894877\" target=\"_blank\" rel=\"noreferrer noopener\">inform\u00f3<\/a>&nbsp;que el hombre y su esposa estaban bajando las escaleras, hacia la puerta trasera.<\/p>\n\n\n\n<p>Un oficial en la escena&nbsp;<a href=\"https:\/\/www.facebook.com\/reel\/25030882819894877\" target=\"_blank\" rel=\"noreferrer noopener\">inform\u00f3<\/a>: &#8220;Despacho, tenemos dos detenidos&#8221;. Despu\u00e9s de esto, la operadora&nbsp;<a href=\"https:\/\/www.indystar.com\/story\/news\/crime\/2025\/11\/13\/police-detained-two-in-aftermath-of-whitestown-shooting-maria-rios-perez-heritage-maize-lane-cleaner\/87258582007\/\" target=\"_blank\" rel=\"noreferrer noopener\">indic\u00f3<\/a>&nbsp;que la paciente hab\u00eda muerto, usando el c\u00f3digo de radio policial &#8220;10-0&#8221;.<\/p>\n\n\n\n<h2 class=\"wp-block-heading\"><strong>Un debate legal abierto<\/strong><\/h2>\n\n\n\n<p>El tr\u00e1gico caso de Mar\u00eda P\u00e9rez no solo ha destrozado a una familia, sino que obliga a la comunidad a mirar de cerca un debate legal muy sensible en Indiana: el l\u00edmite del derecho a defender el hogar.<\/p>\n\n\n\n<p>Esta es una historia dolorosa que nos recuerda la fragilidad de la vida y la importancia de la justicia.<\/p>\n","protected":false},"excerpt":{"rendered":"<div class=\"mh-excerpt\"><p>El due\u00f1o de la vivienda enfrenta cargos de homicidio voluntario por disparar a la trabajadora guatemalteca Mar\u00eda P\u00e9rez, quien acudi\u00f3 a una casa por error <a class=\"mh-excerpt-more\" href=\"https:\/\/animals.jkfraser.com\/?p=599\" title=\"El hombre que dispar\u00f3 a una trabajadora de limpieza guatemalteca cerca de la casa ha sido acusado \u2014 Nuevos detalles del caso de Mar\u00eda P\u00e9rez\">[&#8230;]<\/a><\/p>\n<\/div>","protected":false},"author":1,"featured_media":617,"comment_status":"open","ping_status":"open","sticky":false,"template":"","format":"standard","meta":{"footnotes":""},"categories":[1],"tags":[],"class_list":["post-599","post","type-post","status-publish","format-standard","has-post-thumbnail","hentry","category-uncategorised"],"_links":{"self":[{"href":"https:\/\/animals.jkfraser.com\/index.php?rest_route=\/wp\/v2\/posts\/599","targetHints":{"allow":["GET"]}}],"collection":[{"href":"https:\/\/animals.jkfraser.com\/index.php?rest_route=\/wp\/v2\/posts"}],"about":[{"href":"https:\/\/animals.jkfraser.com\/index.php?rest_route=\/wp\/v2\/types\/post"}],"author":[{"embeddable":true,"href":"https:\/\/animals.jkfraser.com\/index.php?rest_route=\/wp\/v2\/users\/1"}],"replies":[{"embeddable":true,"href":"https:\/\/animals.jkfraser.com\/index.php?rest_route=%2Fwp%2Fv2%2Fcomments&post=599"}],"version-history":[{"count":1,"href":"https:\/\/animals.jkfraser.com\/index.php?rest_route=\/wp\/v2\/posts\/599\/revisions"}],"predecessor-version":[{"id":618,"href":"https:\/\/animals.jkfraser.com\/index.php?rest_route=\/wp\/v2\/posts\/599\/revisions\/618"}],"wp:featuredmedia":[{"embeddable":true,"href":"https:\/\/animals.jkfraser.com\/index.php?rest_route=\/wp\/v2\/media\/617"}],"wp:attachment":[{"href":"https:\/\/animals.jkfraser.com\/index.php?rest_route=%2Fwp%2Fv2%2Fmedia&parent=599"}],"wp:term":[{"taxonomy":"category","embeddable":true,"href":"https:\/\/animals.jkfraser.com\/index.php?rest_route=%2Fwp%2Fv2%2Fcategories&post=599"},{"taxonomy":"post_tag","embeddable":true,"href":"https:\/\/animals.jkfraser.com\/index.php?rest_route=%2Fwp%2Fv2%2Ftags&post=599"}],"curies":[{"name":"wp","href":"https:\/\/api.w.org\/{rel}","templated":true}]}}