{"id":331,"date":"2025-11-07T12:54:15","date_gmt":"2025-11-07T12:54:15","guid":{"rendered":"https:\/\/animals.jkfraser.com\/?p=331"},"modified":"2025-11-07T12:54:16","modified_gmt":"2025-11-07T12:54:16","slug":"el-caso-de-jaime-esteban-moreno-un-estudiante-asesinado-la-noche-de-halloween","status":"publish","type":"post","link":"https:\/\/animals.jkfraser.com\/?p=331","title":{"rendered":"El caso de Jaime Esteban Moreno: Un estudiante asesinado la noche de Halloween"},"content":{"rendered":"\n<figure class=\"wp-block-image size-large\"><img loading=\"lazy\" decoding=\"async\" width=\"1024\" height=\"512\" src=\"https:\/\/animals.jkfraser.com\/wp-content\/uploads\/2025\/11\/image-43-1024x512.png\" alt=\"\" class=\"wp-image-344\" srcset=\"https:\/\/animals.jkfraser.com\/wp-content\/uploads\/2025\/11\/image-43-1024x512.png 1024w, https:\/\/animals.jkfraser.com\/wp-content\/uploads\/2025\/11\/image-43-300x150.png 300w, https:\/\/animals.jkfraser.com\/wp-content\/uploads\/2025\/11\/image-43-768x384.png 768w, https:\/\/animals.jkfraser.com\/wp-content\/uploads\/2025\/11\/image-43.png 1200w\" sizes=\"auto, (max-width: 1024px) 100vw, 1024px\" \/><\/figure>\n\n\n\n<p>Bogot\u00e1 despide a un joven estudiante en medio del dolor y el reclamo por justicia. El caso de Jaime Esteban Moreno conmovi\u00f3 a familiares, amigos y a toda una comunidad universitaria. El proceso judicial avanza mientras la familia exige verdad y una condena ejemplar.<\/p>\n\n\n\n<p>En la capital colombiana, una familia y cientos de personas se reunieron para despedir a un joven cuya vida termin\u00f3 abruptamente la noche de Halloween. Las im\u00e1genes de la ceremonia mostraron un profundo dolor, pero tambi\u00e9n un reclamo persistente por justicia.<\/p>\n\n\n\n<p>La despedida estuvo marcada por el recuerdo de un estudiante querido y por las palabras de sus seres m\u00e1s cercanos. Mientras tanto, las autoridades contin\u00faan el proceso penal contra los presuntos responsables. El caso ha provocado una fuerte reacci\u00f3n social y las declaraciones de su familia expusieron la magnitud de una p\u00e9rdida irreparable.<\/p>\n\n\n\n<figure class=\"wp-block-image\"><img decoding=\"async\" src=\"https:\/\/cdn.morelimedia.com\/6f7d1d536578e98ad865e30cd03b811fd47c0021420cbefa243b252fa32e3938.jpg\" alt=\"Mensaje de una usuaria tras conocer el caso de Jaime Esteban Moreno. | Fuente: Facebook\/Mi Boyac\u00e1.\"\/><\/figure>\n\n\n\n<p>Mensaje de una usuaria tras conocer el caso de Jaime Esteban Moreno. | Fuente: Facebook\/Mi Boyac\u00e1.<\/p>\n\n\n\n<h2 class=\"wp-block-heading\"><strong>Detalles del caso: \u00bfQu\u00e9 le ocurri\u00f3 a Jaime?<\/strong><\/h2>\n\n\n\n<p>Jaime Esteban Moreno Jaramillo, estudiante de la Universidad de los Andes de 20 a\u00f1os,&nbsp;<a href=\"https:\/\/www.lafm.com.co\/orden-publico\/caso-jaime-esteban-moreno-cual-seria-la-pena-que-recibirian-los-homicidas-381510\" target=\"_blank\" rel=\"noreferrer noopener\">muri\u00f3<\/a>&nbsp;tras ser atacado por dos personas a la salida de un establecimiento en Bogot\u00e1 la noche de Halloween.<\/p>\n\n\n\n<p>De acuerdo con el abogado de su familia, Camilo Rinc\u00f3n, los agresores le propinaron&nbsp;<a href=\"https:\/\/www.lafm.com.co\/orden-publico\/caso-jaime-esteban-moreno-cual-seria-la-pena-que-recibirian-los-homicidas-381510\" target=\"_blank\" rel=\"noreferrer noopener\">fuertes golpes<\/a>, que le causaron un trauma craneoencef\u00e1lico severo y finalmente la muerte.<\/p>\n\n\n\n<figure class=\"wp-block-embed\"><div class=\"wp-block-embed__wrapper\">\nhttps:\/\/if-cdn.com\/HJoxC2uK?_showcaption=false&#038;app=1\n<\/div><\/figure>\n\n\n\n<h2 class=\"wp-block-heading\"><strong>La despedida de un joven muy querido<\/strong><\/h2>\n\n\n\n<p>El lunes posterior a los hechos, familiares, amigos y allegados de Jaime Esteban Moreno Jaramillo, estudiante de la Universidad de los Andes, se reunieron en la Parroquia Cristo Rey para&nbsp;<a href=\"https:\/\/www.eltiempo.com\/bogota\/las-fotos-de-la-dolorosa-despedida-a-jaime-esteban-moreno-estudiante-asesinado-tras-brutal-golpiza-en-halloween-3505622\" target=\"_blank\" rel=\"noreferrer noopener\">despedirlo y rendirle un homenaje<\/a>&nbsp;p\u00f3stumo.<\/p>\n\n\n\n<p>La ceremonia religiosa comenz\u00f3 a las 11:30 de la ma\u00f1ana, y seg\u00fan&nbsp;<a href=\"https:\/\/www.eltiempo.com\/bogota\/las-fotos-de-la-dolorosa-despedida-a-jaime-esteban-moreno-estudiante-asesinado-tras-brutal-golpiza-en-halloween-3505622\" target=\"_blank\" rel=\"noreferrer noopener\">informaron<\/a>&nbsp;sus padres, M\u00f3nica Jaramillo y Jaime Alberto Moreno, el cuerpo fue trasladado despu\u00e9s al Cementerio Jardines de Paz, donde se realiz\u00f3 un acto final de despedida.<\/p>\n\n\n\n<p>D\u00edas antes del sepelio, la familia&nbsp;<a href=\"https:\/\/www.eltiempo.com\/bogota\/las-fotos-de-la-dolorosa-despedida-a-jaime-esteban-moreno-estudiante-asesinado-tras-brutal-golpiza-en-halloween-3505622\" target=\"_blank\" rel=\"noreferrer noopener\">public\u00f3<\/a>&nbsp;una carta abierta expresando su dolor:<\/p>\n\n\n\n<blockquote class=\"wp-block-quote is-layout-flow wp-block-quote-is-layout-flow\">\n<p>\u201cHoy nos enfrentamos al peor dolor que un padre, una madre, unos abuelos y su n\u00facleo familiar pueden experimentar\u201d,&nbsp;<a href=\"https:\/\/www.eltiempo.com\/bogota\/las-fotos-de-la-dolorosa-despedida-a-jaime-esteban-moreno-estudiante-asesinado-tras-brutal-golpiza-en-halloween-3505622\" target=\"_blank\" rel=\"noreferrer noopener\">escribieron<\/a>&nbsp;los padres del joven.<\/p>\n<\/blockquote>\n\n\n\n<h2 class=\"wp-block-heading\"><strong>El recuerdo de su familia y las palabras que marcaron el adi\u00f3s<\/strong><\/h2>\n\n\n\n<p>En su mensaje, los padres&nbsp;<a href=\"https:\/\/www.eltiempo.com\/bogota\/las-fotos-de-la-dolorosa-despedida-a-jaime-esteban-moreno-estudiante-asesinado-tras-brutal-golpiza-en-halloween-3505622\" target=\"_blank\" rel=\"noreferrer noopener\">describieron<\/a>&nbsp;a Jaime Esteban como \u201cel hijo mayor, el hermano c\u00f3mplice y el amigo incondicional\u201d.&nbsp;<a href=\"https:\/\/www.eltiempo.com\/bogota\/las-fotos-de-la-dolorosa-despedida-a-jaime-esteban-moreno-estudiante-asesinado-tras-brutal-golpiza-en-halloween-3505622\" target=\"_blank\" rel=\"noreferrer noopener\">A\u00f1adieron<\/a>: \u201cEra la m\u00e1s hermosa persona, excelente ser humano, que resultaba maravilloso no solo para nuestra familia, sino para todos quienes tuvieron la posibilidad de conocerlo o interactuar con \u00e9l\u201d. La carta tambi\u00e9n&nbsp;<a href=\"https:\/\/www.eltiempo.com\/bogota\/las-fotos-de-la-dolorosa-despedida-a-jaime-esteban-moreno-estudiante-asesinado-tras-brutal-golpiza-en-halloween-3505622\" target=\"_blank\" rel=\"noreferrer noopener\">expresaba<\/a>:<\/p>\n\n\n\n<blockquote class=\"wp-block-quote is-layout-flow wp-block-quote-is-layout-flow\">\n<p>\u201cHemos perdido un ser maravilloso e irremplazable. \u00danico, aut\u00e9ntico, cat\u00f3lico, y dej\u00f3 una familia totalmente destruida\u201d.<\/p>\n<\/blockquote>\n\n\n\n<p>Durante las exequias, su hermano menor, David Moreno,&nbsp;<a href=\"https:\/\/www.eltiempo.com\/bogota\/las-fotos-de-la-dolorosa-despedida-a-jaime-esteban-moreno-estudiante-asesinado-tras-brutal-golpiza-en-halloween-3505622\" target=\"_blank\" rel=\"noreferrer noopener\">record\u00f3<\/a>&nbsp;entre l\u00e1grimas: \u201cYo habl\u00e9 con \u00e9l, lo desped\u00ed como siempre con un beso en la frente. Nos d\u00e1bamos muchas muestras de afecto; \u00e9l no era de dar ese tipo de cari\u00f1o, pero conmigo s\u00ed lo era\u201d.<\/p>\n\n\n\n<p>https:\/\/www.facebook.com\/v23.0\/plugins\/post.php?app_id=493078077833106&#038;channel=https%3A%2F%2Fstaticxx.facebook.com%2Fx%2Fconnect%2Fxd_arbiter%2F%3Fversion%3D46%23cb%3Df7b93e1427e2945db%26domain%3Dmorelimedia.com%26is_canvas%3Dfalse%26origin%3Dhttps%253A%252F%252Fmorelimedia.com%252Ff1f25de50c7674190%26relation%3Dparent.parent&#038;container_width=600&#038;href=https%3A%2F%2Fwww.facebook.com%2Fphoto.php%3Ffbid%3D1270357008465898%26set%3Dpcb.1270357188465880%26mWidth%3D350%26mHeight%3D720%26dWidth%3D600%26dHeight%3D873&#038;lazy=false&#038;locale=es_ES&#038;sdk=joey&#038;show_text=false<\/p>\n\n\n\n<h2 class=\"wp-block-heading\"><strong>Las palabras de su hermano y el dolor compartido<\/strong><\/h2>\n\n\n\n<p>David Moreno tambi\u00e9n&nbsp;<a href=\"https:\/\/www.eltiempo.com\/bogota\/las-fotos-de-la-dolorosa-despedida-a-jaime-esteban-moreno-estudiante-asesinado-tras-brutal-golpiza-en-halloween-3505622\" target=\"_blank\" rel=\"noreferrer noopener\">expres\u00f3<\/a>: \u201c\u00c9l era un amor de persona, era el hermano que todo el mundo deber\u00eda haber tenido. Compart\u00edamos todo en este mundo, nos am\u00e1bamos mucho y era el mejor\u201d.<\/p>\n\n\n\n<p>En entrevista con City TV,&nbsp;<a href=\"https:\/\/www.eltiempo.com\/bogota\/las-fotos-de-la-dolorosa-despedida-a-jaime-esteban-moreno-estudiante-asesinado-tras-brutal-golpiza-en-halloween-3505622\" target=\"_blank\" rel=\"noreferrer noopener\">relat\u00f3<\/a>&nbsp;que aquella noche no lo acompa\u00f1\u00f3 porque \u201clas boletas estaban supremamente caras y pues Jaime quer\u00eda ir a esa fiesta porque tuvo un semestre muy duro\u201d.<\/p>\n\n\n\n<figure class=\"wp-block-image\"><img decoding=\"async\" src=\"https:\/\/cdn.morelimedia.com\/8910486acdac9057c162fc75d10c431b1afa2478379a65e8147aed22e3ca9ae6.png\" alt=\"Familiares lloran por la muerte de Jaime Esteban Moreno. | Fuente: Facebook\/Noticias Huila Digital.\"\/><\/figure>\n\n\n\n<p>Familiares lloran por la muerte de Jaime Esteban Moreno. | Fuente: Facebook\/Noticias Huila Digital.<\/p>\n\n\n\n<p>Sus declaraciones reflejaron no solo la cercan\u00eda entre los hermanos, sino tambi\u00e9n la tristeza que embarg\u00f3 a la familia tras la p\u00e9rdida del joven universitario.<\/p>\n\n\n\n<h2 class=\"wp-block-heading\"><strong>La investigaci\u00f3n y los avances judiciales<\/strong><\/h2>\n\n\n\n<p>El abogado Camilo Rinc\u00f3n, representante de la familia,&nbsp;<a href=\"https:\/\/www.lafm.com.co\/orden-publico\/caso-jaime-esteban-moreno-cual-seria-la-pena-que-recibirian-los-homicidas-381510\" target=\"_blank\" rel=\"noreferrer noopener\">explic\u00f3<\/a>&nbsp;que los responsables podr\u00edan enfrentar una condena no inferior a 20 a\u00f1os de prisi\u00f3n, de acuerdo con la legislaci\u00f3n penal colombiana.<\/p>\n\n\n\n<figure class=\"wp-block-image\"><img decoding=\"async\" src=\"https:\/\/cdn.morelimedia.com\/8c3d27a441c803179d45ca14829524e5df8e303b9b45076fe7e9c4187b9865a1.jpg\" alt=\"Familiares cargan el f\u00e9retro de Jaime Esteban Moreno. | Fuente: Facebook\/Noticias Huila Digital.\"\/><\/figure>\n\n\n\n<p>Familiares cargan el f\u00e9retro de Jaime Esteban Moreno. | Fuente: Facebook\/Noticias Huila Digital.<\/p>\n\n\n\n<p><a href=\"https:\/\/www.lafm.com.co\/orden-publico\/caso-jaime-esteban-moreno-cual-seria-la-pena-que-recibirian-los-homicidas-381510\" target=\"_blank\" rel=\"noreferrer noopener\">Indic\u00f3<\/a>&nbsp;que el principal se\u00f1alado, Juan Carlos Su\u00e1rez Ortiz, fue capturado y su detenci\u00f3n legalizada por un juez de control de garant\u00edas. Adem\u00e1s,&nbsp;<a href=\"https:\/\/www.lafm.com.co\/orden-publico\/caso-jaime-esteban-moreno-cual-seria-la-pena-que-recibirian-los-homicidas-381510\" target=\"_blank\" rel=\"noreferrer noopener\">mencion\u00f3<\/a>&nbsp;que existe un segundo agresor cuya identidad a\u00fan no ha sido establecida.<\/p>\n\n\n\n<p><a href=\"https:\/\/www.lafm.com.co\/orden-publico\/caso-jaime-esteban-moreno-cual-seria-la-pena-que-recibirian-los-homicidas-381510\" target=\"_blank\" rel=\"noreferrer noopener\">Seg\u00fan Rinc\u00f3n<\/a>, \u201cdos personas atacaron a Jaime Esteban Moreno a la salida de un establecimiento comercial\u201d y \u201clas circunstancias de agravaci\u00f3n punitiva deber\u00e1n tenerse en cuenta durante el juicio\u201d.<\/p>\n\n\n\n<h2 class=\"wp-block-heading\"><strong>Justicia y llamado a la reflexi\u00f3n social<\/strong><\/h2>\n\n\n\n<p>El abogado&nbsp;<a href=\"https:\/\/www.eltiempo.com\/bogota\/las-fotos-de-la-dolorosa-despedida-a-jaime-esteban-moreno-estudiante-asesinado-tras-brutal-golpiza-en-halloween-3505622\" target=\"_blank\" rel=\"noreferrer noopener\">manifest\u00f3<\/a>&nbsp;su esperanza de que Su\u00e1rez Ortiz colabore con las autoridades y revele la identidad del otro participante en el ataque. Tambi\u00e9n&nbsp;<a href=\"https:\/\/www.eltiempo.com\/bogota\/las-fotos-de-la-dolorosa-despedida-a-jaime-esteban-moreno-estudiante-asesinado-tras-brutal-golpiza-en-halloween-3505622\" target=\"_blank\" rel=\"noreferrer noopener\">pidi\u00f3<\/a>&nbsp;que el proceso judicial avance con transparencia y rapidez, resaltando que \u201cla familia busca verdad y justicia\u201d.<\/p>\n\n\n\n<figure class=\"wp-block-image\"><img decoding=\"async\" src=\"https:\/\/cdn.morelimedia.com\/f52c25349c32a074135e5e79c316f64572d497333c3f9c7371553bb8d6910ffa.jpg\" alt=\"Despedida a Jaime Esteban Moreno. | Fuente: Facebook\/Universidad de los Andes\"\/><\/figure>\n\n\n\n<p>Despedida a Jaime Esteban Moreno. | Fuente: Facebook\/Universidad de los Andes<\/p>\n\n\n\n<p><a href=\"https:\/\/www.eltiempo.com\/bogota\/las-fotos-de-la-dolorosa-despedida-a-jaime-esteban-moreno-estudiante-asesinado-tras-brutal-golpiza-en-halloween-3505622\" target=\"_blank\" rel=\"noreferrer noopener\">Agreg\u00f3<\/a>&nbsp;un mensaje dirigido a la sociedad: llam\u00f3 a reducir los discursos violentos y advirti\u00f3 que este tipo de comportamientos reflejan \u201cuna preocupante cultura de intolerancia\u201d.<\/p>\n\n\n\n<p>El representante legal&nbsp;<a href=\"https:\/\/www.eltiempo.com\/bogota\/las-fotos-de-la-dolorosa-despedida-a-jaime-esteban-moreno-estudiante-asesinado-tras-brutal-golpiza-en-halloween-3505622\" target=\"_blank\" rel=\"noreferrer noopener\">concluy\u00f3<\/a>&nbsp;que los responsables deber\u00e1n responder ante la ley y confi\u00f3 en que el caso culmine con una condena proporcional a la gravedad de los hechos.<\/p>\n\n\n\n<figure class=\"wp-block-image\"><img decoding=\"async\" src=\"https:\/\/cdn.morelimedia.com\/a304c7b8260961d0ab71669c67da73cd9f744e89e76963fa58b21af84c5df810.jpg\" alt=\"Despedida a Jaime Esteban Moreno. | Fuente: Facebook\/Universidad de los Andes\"\/><\/figure>\n\n\n\n<p>Despedida a Jaime Esteban Moreno. | Fuente: Facebook\/Universidad de los Andes<\/p>\n\n\n\n<h2 class=\"wp-block-heading\"><strong>Reacciones en las redes sociales<\/strong><\/h2>\n\n\n\n<p>En redes sociales, decenas de personas expresaron tristeza e indignaci\u00f3n ante el caso. Algunos comentarios reflejaron la conmoci\u00f3n colectiva:<\/p>\n\n\n\n<p><em>\u201cQu\u00e9 fuerte. De verdad\u201d,&nbsp;<\/em><a href=\"https:\/\/www.facebook.com\/Boyaca.co\/posts\/pfbid031vQadPTtZsQkLrQgRTQYowRU8CAzvHnKL6txoZpp3Na4xAoy3s1DKLgw6AU4paKol?comment_id=25279205001689243&amp;__cft__%5B0%5D=AZVLslwjF-AxCvZlDrWs9uxp7Oi-ExMAr6v2BAZSfZbt9_3syDoRreVCxw_5Q7qiJ_31-WRCWeSR8O_d_yjhqKw4zCJ30L_9bEc-NtnQqGl1RSsJFj9zOopxM0YLxC01tew9D-tiw8Nu_a-3JdIx_Cv8b55YVC6L4MwU2w9VT_FOcg&amp;__tn__=R%5D-R\" target=\"_blank\" rel=\"noreferrer noopener\">dijo<\/a>&nbsp;una persona conmocionada por el suceso. Alguien m\u00e1s&nbsp;<a href=\"https:\/\/www.facebook.com\/Boyaca.co\/posts\/pfbid031vQadPTtZsQkLrQgRTQYowRU8CAzvHnKL6txoZpp3Na4xAoy3s1DKLgw6AU4paKol?comment_id=1621732515874532&amp;__cft__%5B0%5D=AZVLslwjF-AxCvZlDrWs9uxp7Oi-ExMAr6v2BAZSfZbt9_3syDoRreVCxw_5Q7qiJ_31-WRCWeSR8O_d_yjhqKw4zCJ30L_9bEc-NtnQqGl1RSsJFj9zOopxM0YLxC01tew9D-tiw8Nu_a-3JdIx_Cv8b55YVC6L4MwU2w9VT_FOcg&amp;__tn__=R%5D-R\" target=\"_blank\" rel=\"noreferrer noopener\">coment\u00f3<\/a>:&nbsp;<em>\u201cQu\u00e9 dolor, Dios fortalece a su familia, especialmente a sus padres&#8221;, mientras una suscriptora&nbsp;<\/em><a href=\"https:\/\/www.facebook.com\/Boyaca.co\/posts\/pfbid031vQadPTtZsQkLrQgRTQYowRU8CAzvHnKL6txoZpp3Na4xAoy3s1DKLgw6AU4paKol?comment_id=1924085395117097&amp;__cft__%5B0%5D=AZVLslwjF-AxCvZlDrWs9uxp7Oi-ExMAr6v2BAZSfZbt9_3syDoRreVCxw_5Q7qiJ_31-WRCWeSR8O_d_yjhqKw4zCJ30L_9bEc-NtnQqGl1RSsJFj9zOopxM0YLxC01tew9D-tiw8Nu_a-3JdIx_Cv8b55YVC6L4MwU2w9VT_FOcg&amp;__tn__=R%5D-R\" target=\"_blank\" rel=\"noreferrer noopener\"><em>expres\u00f3<\/em><\/a><em>&nbsp;&#8220;Pobre familia que dolor\u201d.<\/em><\/p>\n\n\n\n<p>Estos mensajes acompa\u00f1aron las publicaciones sobre el sepelio del joven y muestran el impacto emocional que gener\u00f3 la noticia en la opini\u00f3n p\u00fablica.<\/p>\n","protected":false},"excerpt":{"rendered":"<div class=\"mh-excerpt\"><p>Bogot\u00e1 despide a un joven estudiante en medio del dolor y el reclamo por justicia. El caso de Jaime Esteban Moreno conmovi\u00f3 a familiares, amigos <a class=\"mh-excerpt-more\" href=\"https:\/\/animals.jkfraser.com\/?p=331\" title=\"El caso de Jaime Esteban Moreno: Un estudiante asesinado la noche de Halloween\">[&#8230;]<\/a><\/p>\n<\/div>","protected":false},"author":1,"featured_media":344,"comment_status":"open","ping_status":"open","sticky":false,"template":"","format":"standard","meta":{"footnotes":""},"categories":[1],"tags":[],"class_list":["post-331","post","type-post","status-publish","format-standard","has-post-thumbnail","hentry","category-uncategorised"],"_links":{"self":[{"href":"https:\/\/animals.jkfraser.com\/index.php?rest_route=\/wp\/v2\/posts\/331","targetHints":{"allow":["GET"]}}],"collection":[{"href":"https:\/\/animals.jkfraser.com\/index.php?rest_route=\/wp\/v2\/posts"}],"about":[{"href":"https:\/\/animals.jkfraser.com\/index.php?rest_route=\/wp\/v2\/types\/post"}],"author":[{"embeddable":true,"href":"https:\/\/animals.jkfraser.com\/index.php?rest_route=\/wp\/v2\/users\/1"}],"replies":[{"embeddable":true,"href":"https:\/\/animals.jkfraser.com\/index.php?rest_route=%2Fwp%2Fv2%2Fcomments&post=331"}],"version-history":[{"count":1,"href":"https:\/\/animals.jkfraser.com\/index.php?rest_route=\/wp\/v2\/posts\/331\/revisions"}],"predecessor-version":[{"id":345,"href":"https:\/\/animals.jkfraser.com\/index.php?rest_route=\/wp\/v2\/posts\/331\/revisions\/345"}],"wp:featuredmedia":[{"embeddable":true,"href":"https:\/\/animals.jkfraser.com\/index.php?rest_route=\/wp\/v2\/media\/344"}],"wp:attachment":[{"href":"https:\/\/animals.jkfraser.com\/index.php?rest_route=%2Fwp%2Fv2%2Fmedia&parent=331"}],"wp:term":[{"taxonomy":"category","embeddable":true,"href":"https:\/\/animals.jkfraser.com\/index.php?rest_route=%2Fwp%2Fv2%2Fcategories&post=331"},{"taxonomy":"post_tag","embeddable":true,"href":"https:\/\/animals.jkfraser.com\/index.php?rest_route=%2Fwp%2Fv2%2Ftags&post=331"}],"curies":[{"name":"wp","href":"https:\/\/api.w.org\/{rel}","templated":true}]}}