{"id":329,"date":"2025-11-07T12:53:16","date_gmt":"2025-11-07T12:53:16","guid":{"rendered":"https:\/\/animals.jkfraser.com\/?p=329"},"modified":"2025-11-07T12:53:18","modified_gmt":"2025-11-07T12:53:18","slug":"florencia-pena-hablo-de-su-vinculo-con-su-hijo-fucsia-juan-otero-fotos","status":"publish","type":"post","link":"https:\/\/animals.jkfraser.com\/?p=329","title":{"rendered":"Florencia Pe\u00f1a habl\u00f3 de su v\u00ednculo con su hijo &#8220;fucsia&#8221;, Juan Otero \u2014 Fotos"},"content":{"rendered":"\n<figure class=\"wp-block-image size-large\"><img loading=\"lazy\" decoding=\"async\" width=\"1024\" height=\"512\" src=\"https:\/\/animals.jkfraser.com\/wp-content\/uploads\/2025\/11\/image-41-1024x512.png\" alt=\"\" class=\"wp-image-340\" srcset=\"https:\/\/animals.jkfraser.com\/wp-content\/uploads\/2025\/11\/image-41-1024x512.png 1024w, https:\/\/animals.jkfraser.com\/wp-content\/uploads\/2025\/11\/image-41-300x150.png 300w, https:\/\/animals.jkfraser.com\/wp-content\/uploads\/2025\/11\/image-41-768x384.png 768w, https:\/\/animals.jkfraser.com\/wp-content\/uploads\/2025\/11\/image-41.png 1200w\" sizes=\"auto, (max-width: 1024px) 100vw, 1024px\" \/><\/figure>\n\n\n\n<p>Florencia Pe\u00f1a y Juan Otero sorprendieron con una producci\u00f3n fotogr\u00e1fica que desat\u00f3 emociones en redes. La entrevista revel\u00f3 an\u00e9cdotas personales, frases memorables y una crianza basada en el respeto, la libertad y la aceptaci\u00f3n desde la infancia.<\/p>\n\n\n\n<p>La actriz pos\u00f3 junto al joven de 17 a\u00f1os para una revista, con una entrevista a coraz\u00f3n abierto donde ambos repasaron momentos clave de su v\u00ednculo.<\/p>\n\n\n\n<figure class=\"wp-block-image\"><img decoding=\"async\" src=\"https:\/\/cdn.morelimedia.com\/f0c3b4d80a62e49cb81759d62452dd21152cd7389a8bcd42776c00af0ddb246f.jpg\" alt=\"Comentario de una usuaria | Fuente: Instagram\/revistagenteok\"\/><\/figure>\n\n\n\n<p>Comentario de una usuaria | Fuente: Instagram\/revistagenteok<\/p>\n\n\n\n<p>En este art\u00edculo, podr\u00e1s conocer las declaraciones de Florencia Pe\u00f1a sobre su hijo, te mostraremos las im\u00e1genes de la sesi\u00f3n de fotos y podr\u00e1s leer algunos comentarios destacados en redes sociales. Por \u00faltimo, repasaremos los looks de Juan Otero en su \u00faltimo cumplea\u00f1os y las publicaciones que su madre le dedic\u00f3 entonces.<\/p>\n\n\n\n<h2 class=\"wp-block-heading\"><strong>La sesi\u00f3n de fotos de Florencia Pe\u00f1a y Juan Otero: el detr\u00e1s de escena y los detalles de la entrevista<\/strong><\/h2>\n\n\n\n<p>La revista GENTE present\u00f3 una&nbsp;<a href=\"https:\/\/www.revistagente.com\/intimos\/flor-pena-y-juan-otero-cuentan-la-intimidad-de-su-relacion-en-un-dialogo-a-corazon-abierto-estoy-profundamente-orgullosa-del-hijo-que-sos\/\" target=\"_blank\" rel=\"noreferrer noopener\">producci\u00f3n<\/a>&nbsp;exclusiva protagonizada por Florencia Pe\u00f1a y su hijo Juan Otero. Ambos posaron juntos para una sesi\u00f3n de fotos que acompa\u00f1\u00f3 una entrevista \u00edntima en la que repasaron momentos significativos de su v\u00ednculo. La propuesta visual busc\u00f3 reflejar su cercan\u00eda, la libertad con la que viven su relaci\u00f3n y la fluidez generacional entre madre e hijo.<\/p>\n\n\n\n<p>El concepto de la sesi\u00f3n fue&nbsp;<a href=\"https:\/\/www.revistagente.com\/intimos\/flor-pena-y-juan-otero-cuentan-la-intimidad-de-su-relacion-en-un-dialogo-a-corazon-abierto-estoy-profundamente-orgullosa-del-hijo-que-sos\/\" target=\"_blank\" rel=\"noreferrer noopener\">definido<\/a>&nbsp;como &#8220;contrastes y armon\u00edas&#8221;. La producci\u00f3n combin\u00f3 estilismo contempor\u00e1neo, vestuarios coordinados y una est\u00e9tica sobria pero cargada de simbolismo.<\/p>\n\n\n\n<p>Las im\u00e1genes mostraron a Florencia y Juan en actitud relajada, entre risas, abrazos y gestos de afecto, evitando cualquier rigidez en las poses. Seg\u00fan la publicaci\u00f3n, lograron transmitir autenticidad y confianza a trav\u00e9s de una puesta en escena \u00edntima y cuidada.<\/p>\n\n\n\n<figure class=\"wp-block-embed\"><div class=\"wp-block-embed__wrapper\">\nhttps:\/\/if-cdn.com\/jA6D7bzY?_showcaption=false&#038;app=1\n<\/div><\/figure>\n\n\n\n<p>Durante la entrevista, Florencia record\u00f3 con humor el d\u00eda del nacimiento de Juan. Bajo el efecto de la anestesia, relat\u00f3 que no lo vio de inmediato, pero sus amigos le contaron que&nbsp;<a href=\"https:\/\/www.revistagente.com\/intimos\/flor-pena-y-juan-otero-cuentan-la-intimidad-de-su-relacion-en-un-dialogo-a-corazon-abierto-estoy-profundamente-orgullosa-del-hijo-que-sos\/\" target=\"_blank\" rel=\"noreferrer noopener\">dec\u00eda<\/a>:<\/p>\n\n\n\n<blockquote class=\"wp-block-quote is-layout-flow wp-block-quote-is-layout-flow\">\n<p>&#8220;No tuve una nena, pero tuve un nene fucsia&#8221;.<\/p>\n<\/blockquote>\n\n\n\n<figure class=\"wp-block-embed\"><div class=\"wp-block-embed__wrapper\">\nhttps:\/\/if-cdn.com\/sqNYTOxK?_showcaption=false&#038;app=1\n<\/div><\/figure>\n\n\n\n<p>En otra parte del di\u00e1logo, la actriz&nbsp;<a href=\"https:\/\/www.revistagente.com\/intimos\/flor-pena-y-juan-otero-cuentan-la-intimidad-de-su-relacion-en-un-dialogo-a-corazon-abierto-estoy-profundamente-orgullosa-del-hijo-que-sos\/\" target=\"_blank\" rel=\"noreferrer noopener\">volvi\u00f3 a referirse<\/a>&nbsp;a ese momento inicial con palabras similares:<\/p>\n\n\n\n<blockquote class=\"wp-block-quote is-layout-flow wp-block-quote-is-layout-flow\">\n<p>&#8220;Cuando naciste. Fucsia. Y ah\u00ed me di cuenta que algo estaba mal (se r\u00eden). Pens\u00e1 que vos jugabas con mis tacos. Yo llegaba a casa y vos estabas con los tacos y cinco nenas que te segu\u00edan. Siempre fuiste la reina vos&#8221;.<\/p>\n<\/blockquote>\n\n\n\n<p>Juan tambi\u00e9n&nbsp;<a href=\"https:\/\/www.revistagente.com\/intimos\/flor-pena-y-juan-otero-cuentan-la-intimidad-de-su-relacion-en-un-dialogo-a-corazon-abierto-estoy-profundamente-orgullosa-del-hijo-que-sos\/\" target=\"_blank\" rel=\"noreferrer noopener\">comparti\u00f3<\/a>&nbsp;recuerdos de su ni\u00f1ez, como su participaci\u00f3n en el programa &#8220;Tu cara me suena&#8221; y su entusiasmo por acompa\u00f1ar a su madre en distintas actividades laborales.<\/p>\n\n\n\n<p>Ambos&nbsp;<a href=\"https:\/\/www.revistagente.com\/intimos\/flor-pena-y-juan-otero-cuentan-la-intimidad-de-su-relacion-en-un-dialogo-a-corazon-abierto-estoy-profundamente-orgullosa-del-hijo-que-sos\/\" target=\"_blank\" rel=\"noreferrer noopener\">recordaron<\/a>&nbsp;entre risas an\u00e9cdotas como la vez en que se disfraz\u00f3 de conejita para ir a la escuela o cuando usaba accesorios de Florencia sin percibir que eso fuera algo inusual. Para \u00e9l, esas expresiones formaban parte de su identidad y no representaban algo extra\u00f1o.<\/p>\n\n\n\n<p>La&nbsp;<a href=\"https:\/\/www.revistagente.com\/intimos\/flor-pena-y-juan-otero-cuentan-la-intimidad-de-su-relacion-en-un-dialogo-a-corazon-abierto-estoy-profundamente-orgullosa-del-hijo-que-sos\/\" target=\"_blank\" rel=\"noreferrer noopener\">entrevista<\/a>&nbsp;abord\u00f3 adem\u00e1s el presente del joven, su relaci\u00f3n con la exposici\u00f3n p\u00fablica y sus intereses personales en \u00e1reas como el arte, la moda y la comunicaci\u00f3n. Florencia explic\u00f3 que su rol como madre se basa en acompa\u00f1ar sin imponer.<\/p>\n\n\n\n<figure class=\"wp-block-embed\"><div class=\"wp-block-embed__wrapper\">\nhttps:\/\/if-cdn.com\/6FJGs4jn?_showcaption=false&#038;app=1\n<\/div><\/figure>\n\n\n\n<p>A lo largo de la nota, madre e hijo destacaron el valor de la aceptaci\u00f3n, el di\u00e1logo y el humor como pilares de su v\u00ednculo, en una conversaci\u00f3n que dej\u00f3 ver el impacto de una crianza centrada en la libertad.<\/p>\n\n\n\n<h2 class=\"wp-block-heading\"><strong>Los comentarios en redes sociales y la sesi\u00f3n de fotos<\/strong><\/h2>\n\n\n\n<p>La entrevista y la producci\u00f3n fotogr\u00e1fica entre Florencia Pe\u00f1a y su hijo Juan Otero tambi\u00e9n despertaron una ola de mensajes de apoyo en redes sociales. Muchos destacaron la autenticidad del v\u00ednculo madre-hijo.<\/p>\n\n\n\n<p>La conductora Georgina Barbarossa&nbsp;<a href=\"https:\/\/www.instagram.com\/p\/DQrZNRXFV57\/c\/18072698924218574\/?hl=en&amp;img_index=1\" target=\"_blank\" rel=\"noreferrer noopener\">escribi\u00f3<\/a>:&nbsp;<em>&#8220;Eso, puede todo y fundamentalmente en un hogar feliz donde te aman y apoyan \u2764\ufe0f\u2764\ufe0f\u2764\ufe0f\u2764\ufe0f\u2764\ufe0f\u2764\ufe0f\u2764\ufe0f\u2764\ufe0f&#8221;.&nbsp;<\/em>Otra seguidora&nbsp;<a href=\"https:\/\/www.instagram.com\/p\/DQrZNRXFV57\/c\/17927834118120132\/?hl=en&amp;img_index=1\" target=\"_blank\" rel=\"noreferrer noopener\">afirm\u00f3<\/a>:&nbsp;<em>&#8220;Muy lindo el hijo. Y lo m\u00e1s importante es el apoyo de los padres en todo&#8221;.<\/em><\/p>\n\n\n\n<p><strong>Aqu\u00ed puedes ver la sesi\u00f3n de fotos que hicieron juntos:<\/strong><\/p>\n\n\n\n<p>Tambi\u00e9n hubo quienes celebraron la qu\u00edmica entre ambos y la frescura con la que se mostraron ante las c\u00e1maras.&nbsp;<em>\u201cSon hermosos, divertidos los dos.\u2026\ud83d\ude0d<\/em>\u201d,&nbsp;<a href=\"https:\/\/www.instagram.com\/p\/DQrZNRXFV57\/c\/18150531202419214\/?hl=en&amp;img_index=1\" target=\"_blank\" rel=\"noreferrer noopener\">escribi\u00f3<\/a>&nbsp;una internauta.&nbsp;<em>&#8220;Hermosa dupla \u2764\ufe0f\u2764\ufe0f\u2764\ufe0f\u2764\ufe0f&#8221;<\/em>,&nbsp;<a href=\"https:\/\/www.instagram.com\/p\/DQrZNRXFV57\/c\/18070861841211061\/?img_index=1\" target=\"_blank\" rel=\"noreferrer noopener\">resumi\u00f3<\/a>&nbsp;otra fan.<\/p>\n\n\n\n<figure class=\"wp-block-embed\"><div class=\"wp-block-embed__wrapper\">\nhttps:\/\/if-cdn.com\/HCNHGHQd?_showcaption=false&#038;app=1\n<\/div><\/figure>\n\n\n\n<p>A continuaci\u00f3n, recordaremos todos los detalles sobre el cumplea\u00f1os de 17 de Juan Otero.<\/p>\n\n\n\n<h2 class=\"wp-block-heading\"><strong>Florencia Pe\u00f1a celebr\u00f3 el cumplea\u00f1os de su hijo con un emotivo video retro \u2014 As\u00ed luce Juan Otero a los 17 a\u00f1os<\/strong><\/h2>\n\n\n\n<p><strong>Florencia Pe\u00f1a sorprendi\u00f3 en redes sociales con un homenaje especial para su hijo Juan, quien cumpli\u00f3 17 a\u00f1os. La actriz comparti\u00f3 un recuerdo televisivo muy significativo que emocion\u00f3 a colegas y seguidores.<\/strong><\/p>\n\n\n\n<p>El video despert\u00f3 reacciones inmediatas en redes, donde cientos de usuarios recordaron la complicidad entre madre e hijo y destacaron el carisma de Juan. A lo largo de su vida, Pe\u00f1a ha hecho p\u00fablicas palabras sobre su hijo, que hoy cobran a\u00fan m\u00e1s fuerza.<\/p>\n\n\n\n<figure class=\"wp-block-image\"><img decoding=\"async\" src=\"https:\/\/cdn.morelimedia.com\/f45e5ad8e531a1f6503f4fa4487c4b29bc3d7231e1b862825f379fc0b340370f.jpg\" alt=\"Comentario de una seguidora sobre el tierno video compartido por Florencia Pe\u00f1a | Fuente: Instagram\/flor_de_p\"\/><\/figure>\n\n\n\n<p>Comentario de una seguidora sobre el tierno video compartido por Florencia Pe\u00f1a | Fuente: Instagram\/flor_de_p<\/p>\n\n\n\n<p>Lee a continuaci\u00f3n sobre la relaci\u00f3n de Florencia con su hijo, las declaraciones que hizo sobre su personalidad, mira el emotivo video retro y sorpr\u00e9ndete con c\u00f3mo luce su hijo hoy a sus 17 a\u00f1os.<\/p>\n\n\n\n<h2 class=\"wp-block-heading\"><strong>Florencia Pe\u00f1a y su hijo<\/strong><\/h2>\n\n\n\n<p>En&nbsp;<a href=\"https:\/\/tn.com.ar\/show\/novedades\/2017\/05\/04\/florencia-pena-hablo-del-costado-femenino-de-su-hijo-juan-estoy-para-acompanarlo\/?gad_source=1&amp;gad_campaignid=14585373759&amp;gbraid=0AAAAADLqQAMoiZ8L-KmahaVjMHiZ1_0ut&amp;gclid=CjwKCAjw89jGBhB0EiwA2o1Ony7zYkvJ6yjuQwkYviFKdLIMOiFOUx7QKl2qhHExAqFyo6d9kW96XhoCxlAQAvD_BwE\" target=\"_blank\" rel=\"noreferrer noopener\">2017<\/a>, cuando Juan ten\u00eda ocho a\u00f1os, Florencia Pe\u00f1a habl\u00f3 de la personalidad de su hijo en una entrevista. Destac\u00f3 que \u00e9l ten\u00eda un costado distinto y muy libre. &#8220;Los padres no podemos obstruir cosas que son as\u00ed. A \u00e9l le gusta mucho el rosa, los colores fuertes y a veces se viste con colores que para m\u00ed son incombinables&#8221;,&nbsp;<a href=\"https:\/\/tn.com.ar\/show\/novedades\/2017\/05\/04\/florencia-pena-hablo-del-costado-femenino-de-su-hijo-juan-estoy-para-acompanarlo\/?gad_source=1&amp;gad_campaignid=14585373759&amp;gbraid=0AAAAADLqQAMoiZ8L-KmahaVjMHiZ1_0ut&amp;gclid=CjwKCAjw89jGBhB0EiwA2o1Ony7zYkvJ6yjuQwkYviFKdLIMOiFOUx7QKl2qhHExAqFyo6d9kW96XhoCxlAQAvD_BwE\" target=\"_blank\" rel=\"noreferrer noopener\">se\u00f1al\u00f3<\/a>.<\/p>\n\n\n\n<figure class=\"wp-block-embed\"><div class=\"wp-block-embed__wrapper\">\nhttps:\/\/if-cdn.com\/BF46CnYg?_showcaption=false&#038;app=1\n<\/div><\/figure>\n\n\n\n<p>En esa misma oportunidad, Flor&nbsp;<a href=\"https:\/\/tn.com.ar\/show\/novedades\/2017\/05\/04\/florencia-pena-hablo-del-costado-femenino-de-su-hijo-juan-estoy-para-acompanarlo\/?gad_source=1&amp;gad_campaignid=14585373759&amp;gbraid=0AAAAADLqQAMoiZ8L-KmahaVjMHiZ1_0ut&amp;gclid=CjwKCAjw89jGBhB0EiwA2o1Ony7zYkvJ6yjuQwkYviFKdLIMOiFOUx7QKl2qhHExAqFyo6d9kW96XhoCxlAQAvD_BwE\" target=\"_blank\" rel=\"noreferrer noopener\">cont\u00f3<\/a>&nbsp;que Juan sol\u00eda usar accesorios suyos, como carteras y pulseras, y aclar\u00f3 que jam\u00e1s sufri\u00f3 bullying por ser as\u00ed. &#8220;Yo no s\u00e9 qu\u00e9 es lo que \u00e9l va a elegir con su sexualidad el d\u00eda de ma\u00f1ana, pero no es algo que me desvele o me importe&#8230; Yo estoy para acompa\u00f1arlo&#8221;,&nbsp;<a href=\"https:\/\/tn.com.ar\/show\/novedades\/2017\/05\/04\/florencia-pena-hablo-del-costado-femenino-de-su-hijo-juan-estoy-para-acompanarlo\/?gad_source=1&amp;gad_campaignid=14585373759&amp;gbraid=0AAAAADLqQAMoiZ8L-KmahaVjMHiZ1_0ut&amp;gclid=CjwKCAjw89jGBhB0EiwA2o1Ony7zYkvJ6yjuQwkYviFKdLIMOiFOUx7QKl2qhHExAqFyo6d9kW96XhoCxlAQAvD_BwE\" target=\"_blank\" rel=\"noreferrer noopener\">explic\u00f3<\/a>.<\/p>\n\n\n\n<h2 class=\"wp-block-heading\"><strong>El post de cumplea\u00f1os y el video retro<\/strong><\/h2>\n\n\n\n<p>En la previa del cumplea\u00f1os n\u00famero 17 de Juan, Pe\u00f1a&nbsp;<a href=\"https:\/\/www.infobae.com\/teleshow\/2025\/09\/26\/flor-pena-celebro-el-cumpleanos-de-su-hijo-juan-otero-con-un-video-retro-yo-sabia-que-iba-a-ser-para-siempre\/\" target=\"_blank\" rel=\"noreferrer noopener\">comparti\u00f3 un video<\/a>&nbsp;en el que record\u00f3 la vez que ambos participaron en &#8220;Tu cara me suena&#8221;.<\/p>\n\n\n\n<figure class=\"wp-block-image\"><img decoding=\"async\" src=\"https:\/\/cdn.morelimedia.com\/23bc711711a267ec348d944e859bcffdfb8cca452a875367270fb732292b6b0c.jpg\" alt=\"Juan Otero | Instagram\/flor_de_p\"\/><\/figure>\n\n\n\n<p>Juan Otero | Instagram\/flor_de_p<\/p>\n\n\n\n<p>La actriz apareci\u00f3 caracterizada como Ariel, de \u201cLa Sirenita\u201d, mientras Juan interpret\u00f3 al pececito Flounder, lo que qued\u00f3 grabado como un momento inolvidable. &#8220;A horas de que cumplas 17, vuelvo a compartir el mejor regalo que me hiciste&#8221;,&nbsp;<a href=\"https:\/\/www.instagram.com\/p\/DPDAu-6EU8-\/?img_index=1\" target=\"_blank\" rel=\"noreferrer noopener\">escribi\u00f3<\/a>&nbsp;Pe\u00f1a en su cuenta.<\/p>\n\n\n\n<p>La publicaci\u00f3n con im\u00e1genes retro emocion\u00f3 a seguidores que rememoraron la complicidad entre madre e hijo. Una usuaria&nbsp;<a href=\"https:\/\/www.instagram.com\/p\/DPDAu-6EU8-\/c\/17975960588771415\/?img_index=1\" target=\"_blank\" rel=\"noreferrer noopener\">escribi\u00f3<\/a>:&nbsp;<em>&#8220;Que hermosa conexi\u00f3n \ud83d\ude0d&#8221;.<\/em><\/p>\n\n\n\n<figure class=\"wp-block-image\"><img decoding=\"async\" src=\"https:\/\/cdn.morelimedia.com\/0ef9ab5a01cf46981e5bc40e1570529a92dab366a5d48a9ddeb5f615be241f3d.jpg\" alt=\"Florencia Pe\u00f1a y Juan Otero | Fuente: Instagram\/flor_de_p\"\/><\/figure>\n\n\n\n<p>Florencia Pe\u00f1a y Juan Otero | Fuente: Instagram\/flor_de_p<\/p>\n\n\n\n<p>Otra persona&nbsp;<a href=\"https:\/\/www.instagram.com\/p\/DPDAu-6EU8-\/c\/18079055900491886\/?img_index=1\" target=\"_blank\" rel=\"noreferrer noopener\">a\u00f1adi\u00f3<\/a>:&nbsp;<em>&#8220;Me destruye como la mira \ud83d\ude0d as\u00ed quiero que me miren siempre \u2764\ufe0f&#8221;<\/em>.&nbsp;<em>&#8220;Esa mirada llena de amor. Ojal\u00e1 mi hija me mire as\u00ed toda la vida. \u2764\ufe0f \u00a1Son incre\u00edbles!!!&#8221;,&nbsp;<\/em><a href=\"https:\/\/www.instagram.com\/p\/DPDAu-6EU8-\/c\/17898645951289003\/?img_index=1\" target=\"_blank\" rel=\"noreferrer noopener\">escribi\u00f3<\/a>&nbsp;otra admiradora.<\/p>\n\n\n\n<p>Otros&nbsp;<a href=\"https:\/\/www.instagram.com\/p\/DPDAu-6EU8-\/c\/18048747161641280\/?img_index=1\" target=\"_blank\" rel=\"noreferrer noopener\">se centraron<\/a>&nbsp;en la tierna expresi\u00f3n del ni\u00f1o:&nbsp;<em>&#8220;Su carita me destroza&#8221;<\/em>.&nbsp;<em>&#8220;Sos incre\u00edble desde siempre \u2764\ufe0f&#8221;,&nbsp;<\/em><a href=\"https:\/\/www.instagram.com\/p\/DPDAu-6EU8-\/c\/17977338482764681\/?img_index=1\" target=\"_blank\" rel=\"noreferrer noopener\">a\u00f1adi\u00f3<\/a>&nbsp;otra fan.<\/p>\n\n\n\n<figure class=\"wp-block-embed\"><div class=\"wp-block-embed__wrapper\">\nhttps:\/\/if-cdn.com\/l890kXqr?_showcaption=false&#038;app=1\n<\/div><\/figure>\n\n\n\n<h2 class=\"wp-block-heading\"><strong>Juan Otero en la actualidad y el orgullo de su madre<\/strong><\/h2>\n\n\n\n<p>En una entrevista, Florencia Pe\u00f1a&nbsp;<a href=\"https:\/\/www.infobae.com\/teleshow\/2025\/05\/12\/flor-pena-hablo-del-noviazgo-de-su-hijo-juan-otero-y-los-cuestionamientos-que-tuvo-eligio-un-pibe-de-corazon-lindo\/?gad_source=1&amp;gad_campaignid=20993778607&amp;gbraid=0AAAAADmqXxRU_Sp6I0u3L19MOyK_DJDni&amp;gclid=CjwKCAjw89jGBhB0EiwA2o1On0CqJOGA5bzdA8Z5Ro2w0NbYvPAiBdTVp2iVIEcGcz5Yy0D0hh-lyBoCR-cQAvD_BwE\" target=\"_blank\" rel=\"noreferrer noopener\">record\u00f3<\/a>&nbsp;la infancia de Juan y su personalidad \u00fanica.&nbsp;<a href=\"https:\/\/www.infobae.com\/teleshow\/2025\/05\/12\/flor-pena-hablo-del-noviazgo-de-su-hijo-juan-otero-y-los-cuestionamientos-que-tuvo-eligio-un-pibe-de-corazon-lindo\/?gad_source=1&amp;gad_campaignid=20993778607&amp;gbraid=0AAAAADmqXxRU_Sp6I0u3L19MOyK_DJDni&amp;gclid=CjwKCAjw89jGBhB0EiwA2o1On0CqJOGA5bzdA8Z5Ro2w0NbYvPAiBdTVp2iVIEcGcz5Yy0D0hh-lyBoCR-cQAvD_BwE\" target=\"_blank\" rel=\"noreferrer noopener\">Cont\u00f3<\/a>&nbsp;que desde peque\u00f1o le marc\u00f3 el rumbo como madre: &#8220;Juan es el que me empuj\u00f3 a ser una mejor mam\u00e1. Me enfrent\u00f3 con todas mis estructuras y me encant\u00f3. \u00c9l, de chiquito, iba con pulseras y carteras a la escuela. Se disfrazaba, jugaba con mis tacos&#8221;.<\/p>\n\n\n\n<p>La actriz&nbsp;<a href=\"https:\/\/www.infobae.com\/teleshow\/2025\/05\/12\/flor-pena-hablo-del-noviazgo-de-su-hijo-juan-otero-y-los-cuestionamientos-que-tuvo-eligio-un-pibe-de-corazon-lindo\/?gad_source=1&amp;gad_campaignid=20993778607&amp;gbraid=0AAAAADmqXxRU_Sp6I0u3L19MOyK_DJDni&amp;gclid=CjwKCAjw89jGBhB0EiwA2o1On0CqJOGA5bzdA8Z5Ro2w0NbYvPAiBdTVp2iVIEcGcz5Yy0D0hh-lyBoCR-cQAvD_BwE\" target=\"_blank\" rel=\"noreferrer noopener\">relat\u00f3<\/a>&nbsp;que la presentaci\u00f3n del novio de Juan fue un momento especial en su familia. &#8220;La presentaci\u00f3n con su novio fue hermosa. Me dijo \u2018ma, mi novio\u2019. Es hermoso. Lo amo. Eligi\u00f3 un pibe bueno, con coraz\u00f3n lindo y eso habla de qui\u00e9n es Juan&#8221;. Con estas palabras, Pe\u00f1a destac\u00f3 la naturalidad con la que su hijo vive su vida personal.<\/p>\n\n\n\n<figure class=\"wp-block-embed\"><div class=\"wp-block-embed__wrapper\">\nhttps:\/\/if-cdn.com\/Wgwx4Z5R?_showcaption=false&#038;app=1\n<\/div><\/figure>\n\n\n\n<p>Tambi\u00e9n expres\u00f3 lo que siente acerca de tener un hijo siendo una personalidad medi\u00e1tica. &#8220;\u00c9l tiene el karma de ser mi hijo, le rebota. Y despu\u00e9s tiene el karma de ser distinto&#8221;,&nbsp;<a href=\"https:\/\/www.infobae.com\/teleshow\/2025\/05\/12\/flor-pena-hablo-del-noviazgo-de-su-hijo-juan-otero-y-los-cuestionamientos-que-tuvo-eligio-un-pibe-de-corazon-lindo\/?gad_source=1&amp;gad_campaignid=20993778607&amp;gbraid=0AAAAADmqXxRU_Sp6I0u3L19MOyK_DJDni&amp;gclid=CjwKCAjw89jGBhB0EiwA2o1On0CqJOGA5bzdA8Z5Ro2w0NbYvPAiBdTVp2iVIEcGcz5Yy0D0hh-lyBoCR-cQAvD_BwE\" target=\"_blank\" rel=\"noreferrer noopener\">dijo<\/a>.<\/p>\n\n\n\n<p>Florencia&nbsp;<a href=\"https:\/\/www.infobae.com\/teleshow\/2025\/05\/12\/flor-pena-hablo-del-noviazgo-de-su-hijo-juan-otero-y-los-cuestionamientos-que-tuvo-eligio-un-pibe-de-corazon-lindo\/?gad_source=1&amp;gad_campaignid=20993778607&amp;gbraid=0AAAAADmqXxRU_Sp6I0u3L19MOyK_DJDni&amp;gclid=CjwKCAjw89jGBhB0EiwA2o1On0CqJOGA5bzdA8Z5Ro2w0NbYvPAiBdTVp2iVIEcGcz5Yy0D0hh-lyBoCR-cQAvD_BwE\" target=\"_blank\" rel=\"noreferrer noopener\">resumi\u00f3<\/a>&nbsp;su orgullo con una reflexi\u00f3n contundente: &#8220;De mis tres hijos yo tengo un especial orgullo por Juan, b\u00e1sicamente porque es el ser m\u00e1s libre que conozco. Tambi\u00e9n tiene el karma de ser distinto. Para m\u00ed no lo es, pero para un mont\u00f3n de gente, m\u00e1s en este momento del mundo, representa lo que no quieren ver&#8221;.<\/p>\n\n\n\n<figure class=\"wp-block-embed\"><div class=\"wp-block-embed__wrapper\">\nhttps:\/\/if-cdn.com\/Jpl1WzBm?_showcaption=false&#038;app=1\n<\/div><\/figure>\n\n\n\n<p>Recientemente, Florencia Pe\u00f1a comparti\u00f3 un extenso mensaje dedicado a su hijo en el d\u00eda de su cumplea\u00f1os. &#8220;Sos de verdad Juan. Y no es poca cosa en un mundo tan careta. Sos amorosamente honesto. Sos fuerte y vulnerable. Sos inteligente, talentoso, creativo&#8221;,&nbsp;<a href=\"https:\/\/www.instagram.com\/p\/DPEj4XVkTES\/?img_index=1\" target=\"_blank\" rel=\"noreferrer noopener\">comenz\u00f3<\/a>&nbsp;su mensaje.<\/p>\n\n\n\n<p>La actriz&nbsp;<a href=\"https:\/\/www.instagram.com\/p\/DPEj4XVkTES\/?img_index=1\" target=\"_blank\" rel=\"noreferrer noopener\">destac\u00f3<\/a>&nbsp;c\u00f3mo su hijo logra hacerla re\u00edr en todo momento: &#8220;Me haces re\u00edr tanto. Eso es algo hermoso que ten\u00e9s, tu risa. Tu hermosa manera de encontrar humor en las cosas que duelen&#8221;.<\/p>\n\n\n\n<figure class=\"wp-block-embed\"><div class=\"wp-block-embed__wrapper\">\nhttps:\/\/if-cdn.com\/TXbYdN8H?_showcaption=false&#038;app=1\n<\/div><\/figure>\n\n\n\n<p>Tambi\u00e9n&nbsp;<a href=\"https:\/\/www.instagram.com\/p\/DPEj4XVkTES\/?img_index=1\" target=\"_blank\" rel=\"noreferrer noopener\">remarc\u00f3 la incondicionalidad de su apoyo<\/a>: &#8220;Te banco siempre. Doy la vida por vos. Porque seas feliz y porque la vida te encuentre siempre buscando&#8221;.<\/p>\n\n\n\n<p>En su mensaje, Pe\u00f1a&nbsp;<a href=\"https:\/\/www.instagram.com\/p\/DPEj4XVkTES\/?img_index=1\" target=\"_blank\" rel=\"noreferrer noopener\">agradeci\u00f3<\/a>&nbsp;los a\u00f1os compartidos con su hijo: &#8220;Gracias por estos a\u00f1os tan intensamente hermosos \u2728 Gracias por mirarme siempre con tanto amor y sabidur\u00eda&#8221;.<\/p>\n\n\n\n<p>La&nbsp;<a href=\"https:\/\/morelimedia.com\/475363-graciela-alfano-compartio-sus-fotos.html\">actriz<\/a>&nbsp;subray\u00f3 c\u00f3mo su hijo la motiva a ser mejor. &#8220;Me hac\u00e9s mejor mam\u00e1. Tu tremenda determinaci\u00f3n me emociona. El mundo es tuyo hijo, lo sab\u00e9s&#8221;.<\/p>\n\n\n\n<figure class=\"wp-block-embed\"><div class=\"wp-block-embed__wrapper\">\nhttps:\/\/if-cdn.com\/EmpoHZVk?_showcaption=false&#038;app=1\n<\/div><\/figure>\n\n\n\n<p>El mensaje de Florencia Pe\u00f1a y las m\u00faltiples reacciones que despert\u00f3 en redes sociales evidencian el fuerte lazo que comparte con su hijo Juan, quien a los 17 a\u00f1os transita una etapa de crecimiento personal y art\u00edstico acompa\u00f1ado de muestras p\u00fablicas de cari\u00f1o.<\/p>\n\n\n\n<p>Sin embargo, las im\u00e1genes del festejo de cumplea\u00f1os no estuvieron exentas de cr\u00edticas dirigidas tanto a Florencia como a Juan.<\/p>\n\n\n\n<figure class=\"wp-block-embed\"><div class=\"wp-block-embed__wrapper\">\nhttps:\/\/if-cdn.com\/ukdzJcxl?_showcaption=false&#038;app=1\n<\/div><\/figure>\n\n\n\n<h2 class=\"wp-block-heading\"><strong>El festejo y las reacciones en Internet<\/strong><\/h2>\n\n\n\n<p>Juan Otero tal vez tambi\u00e9n public\u00f3 contenido del evento. En una publicaci\u00f3n reciente, agradeci\u00f3 a cada persona que hizo posible su cumplea\u00f1os. El joven&nbsp;<a href=\"https:\/\/www.instagram.com\/p\/DPRXKGRju5p\/?img_index=12\" target=\"_blank\" rel=\"noreferrer noopener\">escribi\u00f3<\/a>: &#8220;Un cumple so\u00f1ado. Gracias a cada persona que hizo que todo sea perfecto&#8221;.<\/p>\n\n\n\n<p>Las im\u00e1genes del festejo se viralizaron r\u00e1pidamente. Muchos internautas reaccionaron de forma cr\u00edtica al look elegido por Juan. Algunos comentarios hicieron referencia a su atuendo y estilo de forma ir\u00f3nica.&nbsp;<em>&#8220;Tus viejos son Moni y Pepe vestidos de rockeros&#8221;<\/em>,&nbsp;<a href=\"https:\/\/www.instagram.com\/p\/DPRXKGRju5p\/c\/18077032256088375\/?img_index=1\" target=\"_blank\" rel=\"noreferrer noopener\">escribi\u00f3<\/a>&nbsp;una persona en tono humor\u00edstico.&nbsp;<em>&#8220;Lo festejaron en la casa de Moni Argento por el porto, digo&#8221;<\/em>,&nbsp;<a href=\"https:\/\/www.instagram.com\/p\/DPRXKGRju5p\/c\/18074909084123584\/?img_index=1\" target=\"_blank\" rel=\"noreferrer noopener\">agreg\u00f3<\/a>&nbsp;alguien m\u00e1s.<\/p>\n\n\n\n<figure class=\"wp-block-embed\"><div class=\"wp-block-embed__wrapper\">\nhttps:\/\/if-cdn.com\/dTVcRrH2?_showcaption=false&#038;app=1\n<\/div><\/figure>\n\n\n\n<p>En la misma l\u00ednea, otra seguidora&nbsp;<a href=\"https:\/\/www.instagram.com\/p\/DPRXKGRju5p\/c\/18061503821119578\/?img_index=1\" target=\"_blank\" rel=\"noreferrer noopener\">critic\u00f3<\/a>:&nbsp;<em>&#8220;Qu\u00e9 bizarro todo, por favor&#8221;<\/em>.&nbsp;<em>&#8220;Es demasiado&#8221;<\/em>,&nbsp;<a href=\"https:\/\/www.instagram.com\/p\/DPRXKGRju5p\/c\/18090421972841040\/?img_index=1\" target=\"_blank\" rel=\"noreferrer noopener\">a\u00f1adi\u00f3<\/a>&nbsp;otra persona.<\/p>\n\n\n\n<p>Sin embargo, tambi\u00e9n hubo muestras de apoyo y cari\u00f1o. Algunas personas elogiaron el look de los invitados y del cumplea\u00f1ero.<em>&nbsp;&#8220;Qu\u00e9 lindos&#8221;<\/em>,&nbsp;<a href=\"https:\/\/www.instagram.com\/p\/DPRXKGRju5p\/c\/17920028490160918\/?img_index=1\" target=\"_blank\" rel=\"noreferrer noopener\">coment\u00f3<\/a>&nbsp;una usuaria junto a un emoji de coraz\u00f3n.&nbsp;<em>&#8220;M\u00e1s lindos&#8221;<\/em>,&nbsp;<a href=\"https:\/\/www.instagram.com\/p\/DPRXKGRju5p\/c\/18057766328564049\/?img_index=1\" target=\"_blank\" rel=\"noreferrer noopener\">dijo<\/a>&nbsp;otra fan, acompa\u00f1ando su mensaje con \u00edconos de fuego y aplausos.<\/p>\n\n\n\n<p>Tambi\u00e9n&nbsp;<a href=\"https:\/\/www.instagram.com\/p\/DPRXKGRju5p\/c\/18344452492167688\/?img_index=1\" target=\"_blank\" rel=\"noreferrer noopener\">se pudo leer<\/a>:&nbsp;<em>&#8220;Hermoso \u2764\ufe0f&#8221;<\/em>, en referencia directa a Juan.&nbsp;<em>&#8220;El cutis, por Dios, tallado por los \u00e1ngeles&#8221;,&nbsp;<\/em><a href=\"https:\/\/www.instagram.com\/p\/DPRXKGRju5p\/c\/17918045601082433\/?img_index=1\" target=\"_blank\" rel=\"noreferrer noopener\">destac\u00f3<\/a>&nbsp;alguien m\u00e1s.<\/p>\n\n\n\n<figure class=\"wp-block-embed\"><div class=\"wp-block-embed__wrapper\">\nhttps:\/\/if-cdn.com\/ubPvJ3Br?_showcaption=false&#038;app=1\n<\/div><\/figure>\n\n\n\n<p>La&nbsp;<a href=\"https:\/\/morelimedia.com\/475510-florencia-pena-celebro-el-cumpleanos-de.html\">celebraci\u00f3n<\/a>&nbsp;incluy\u00f3 detalles est\u00e9ticos muy cuidados, como gafas, maquillaje profesional y una torta especialmente decorada, seg\u00fan se detalla en el mensaje que Juan public\u00f3. Cada aspecto de la fiesta estuvo etiquetado en su publicaci\u00f3n, lo que permiti\u00f3 a sus seguidores conocer a los responsables de cada parte del evento.<\/p>\n\n\n\n<p>Las opiniones estuvieron divididas, pero la fiesta logr\u00f3 captar la atenci\u00f3n del p\u00fablico, que no tard\u00f3 en opinar sobre la vestimenta y las decisiones est\u00e9ticas del joven.<\/p>\n","protected":false},"excerpt":{"rendered":"<div class=\"mh-excerpt\"><p>Florencia Pe\u00f1a y Juan Otero sorprendieron con una producci\u00f3n fotogr\u00e1fica que desat\u00f3 emociones en redes. La entrevista revel\u00f3 an\u00e9cdotas personales, frases memorables y una crianza <a class=\"mh-excerpt-more\" href=\"https:\/\/animals.jkfraser.com\/?p=329\" title=\"Florencia Pe\u00f1a habl\u00f3 de su v\u00ednculo con su hijo &#8220;fucsia&#8221;, Juan Otero \u2014 Fotos\">[&#8230;]<\/a><\/p>\n<\/div>","protected":false},"author":1,"featured_media":340,"comment_status":"open","ping_status":"open","sticky":false,"template":"","format":"standard","meta":{"footnotes":""},"categories":[1],"tags":[],"class_list":["post-329","post","type-post","status-publish","format-standard","has-post-thumbnail","hentry","category-uncategorised"],"_links":{"self":[{"href":"https:\/\/animals.jkfraser.com\/index.php?rest_route=\/wp\/v2\/posts\/329","targetHints":{"allow":["GET"]}}],"collection":[{"href":"https:\/\/animals.jkfraser.com\/index.php?rest_route=\/wp\/v2\/posts"}],"about":[{"href":"https:\/\/animals.jkfraser.com\/index.php?rest_route=\/wp\/v2\/types\/post"}],"author":[{"embeddable":true,"href":"https:\/\/animals.jkfraser.com\/index.php?rest_route=\/wp\/v2\/users\/1"}],"replies":[{"embeddable":true,"href":"https:\/\/animals.jkfraser.com\/index.php?rest_route=%2Fwp%2Fv2%2Fcomments&post=329"}],"version-history":[{"count":1,"href":"https:\/\/animals.jkfraser.com\/index.php?rest_route=\/wp\/v2\/posts\/329\/revisions"}],"predecessor-version":[{"id":341,"href":"https:\/\/animals.jkfraser.com\/index.php?rest_route=\/wp\/v2\/posts\/329\/revisions\/341"}],"wp:featuredmedia":[{"embeddable":true,"href":"https:\/\/animals.jkfraser.com\/index.php?rest_route=\/wp\/v2\/media\/340"}],"wp:attachment":[{"href":"https:\/\/animals.jkfraser.com\/index.php?rest_route=%2Fwp%2Fv2%2Fmedia&parent=329"}],"wp:term":[{"taxonomy":"category","embeddable":true,"href":"https:\/\/animals.jkfraser.com\/index.php?rest_route=%2Fwp%2Fv2%2Fcategories&post=329"},{"taxonomy":"post_tag","embeddable":true,"href":"https:\/\/animals.jkfraser.com\/index.php?rest_route=%2Fwp%2Fv2%2Ftags&post=329"}],"curies":[{"name":"wp","href":"https:\/\/api.w.org\/{rel}","templated":true}]}}