{"id":328,"date":"2025-11-07T12:52:50","date_gmt":"2025-11-07T12:52:50","guid":{"rendered":"https:\/\/animals.jkfraser.com\/?p=328"},"modified":"2025-11-07T12:52:51","modified_gmt":"2025-11-07T12:52:51","slug":"maru-botana-tuvo-un-divertido-dia-de-campo-junto-a-su-hija-modelo-asi-se-ve-sofia-sola-a-los-19-anos","status":"publish","type":"post","link":"https:\/\/animals.jkfraser.com\/?p=328","title":{"rendered":"Maru Botana tuvo un divertido d\u00eda de campo junto a su hija modelo \u2014 As\u00ed se ve Sof\u00eda Sol\u00e1 a los 19 a\u00f1os"},"content":{"rendered":"\n<figure class=\"wp-block-image size-large\"><img loading=\"lazy\" decoding=\"async\" width=\"1024\" height=\"512\" src=\"https:\/\/animals.jkfraser.com\/wp-content\/uploads\/2025\/11\/image-40-1024x512.png\" alt=\"\" class=\"wp-image-338\" srcset=\"https:\/\/animals.jkfraser.com\/wp-content\/uploads\/2025\/11\/image-40-1024x512.png 1024w, https:\/\/animals.jkfraser.com\/wp-content\/uploads\/2025\/11\/image-40-300x150.png 300w, https:\/\/animals.jkfraser.com\/wp-content\/uploads\/2025\/11\/image-40-768x384.png 768w, https:\/\/animals.jkfraser.com\/wp-content\/uploads\/2025\/11\/image-40.png 1200w\" sizes=\"auto, (max-width: 1024px) 100vw, 1024px\" \/><\/figure>\n\n\n\n<p>Maru Botana y su hija Sof\u00eda Sol\u00e1 disfrutaron de un d\u00eda especial en Uruguay. Looks brillantes, complicidad familiar y una joven modelo que pisa fuerte.<\/p>\n\n\n\n<p>Maru Botana y su hija Sof\u00eda compartieron un evento al aire libre en Carmelo, Uruguay. Ambas lucieron outfits combinados repletos de brillos y se mostraron muy unidas.<\/p>\n\n\n\n<p>La ocasi\u00f3n revel\u00f3 no solo su v\u00ednculo, sino tambi\u00e9n la proyecci\u00f3n de Sof\u00eda. La joven deslumbra en las redes sociales, donde muestra su vida familiar y laboral.<\/p>\n\n\n\n<figure class=\"wp-block-image\"><img decoding=\"async\" src=\"https:\/\/cdn.morelimedia.com\/84f293520a14cf9d4be5c0f36aa393d82eb76320dbfb308cd1dc6943d9f4f4f7.png\" alt=\"Maru Botana y su hija Sof\u00eda Sol\u00e1 compartiendo juntas durante un evento al aire libre en Carmelo, Uruguay | Fuente: Instagram Stories\/marubotanaok\"\/><\/figure>\n\n\n\n<p>Maru Botana y su hija Sof\u00eda Sol\u00e1 compartiendo juntas durante un evento al aire libre en Carmelo, Uruguay | Fuente: Instagram Stories\/marubotanaok<\/p>\n\n\n\n<p>Desde sus looks hasta sus videos virales, se convirti\u00f3 en una figura muy seguida. Adem\u00e1s, dio pasos firmes en el modelaje con campa\u00f1as para marcas argentinas.<\/p>\n\n\n\n<p>Repasamos los detalles de ese paseo en tierras uruguayas. Exploramos el estilo de madre e hija, el perfil de Sof\u00eda y su camino profesional. Tambi\u00e9n contamos qu\u00e9 hacen hoy los hermanos de Sof\u00eda, hijos de Maru Botana.<\/p>\n\n\n\n<figure class=\"wp-block-image\"><img decoding=\"async\" src=\"https:\/\/cdn.morelimedia.com\/e862c638aaf01e9bb1eec8cddd31f367c56b2fb5133c2acd5721ecc782c4e7ce.png\" alt=\"Maru Botana y su hija Sof\u00eda Sol\u00e1 compartiendo juntas durante un evento al aire libre en Carmelo, Uruguay | Fuente: Instagram Stories\/marubotanaok\"\/><\/figure>\n\n\n\n<p>Maru Botana y su hija Sof\u00eda Sol\u00e1 compartiendo juntas durante un evento al aire libre en Carmelo, Uruguay | Fuente: Instagram Stories\/marubotanaok<\/p>\n\n\n\n<h2 class=\"wp-block-heading\"><strong>Looks brillantes y complicidad entre madre e hija en Uruguay<\/strong><\/h2>\n\n\n\n<p>Maru Botana y Sof\u00eda Sol\u00e1&nbsp;<a href=\"https:\/\/caras.perfil.com\/noticias\/celebridades\/brillos-complicidad-maru-botana-hija-sofia-sola-apostaron-looks-matchy-matchy.phtml\" target=\"_blank\" rel=\"noreferrer noopener\">viajaron<\/a>&nbsp;a Uruguay para un evento de una firma de indumentaria. All\u00ed lucieron looks combinados con prendas metalizadas y posaron al atardecer. Ambas mostraron su conexi\u00f3n a trav\u00e9s del estilo y una actitud relajada.<\/p>\n\n\n\n<figure class=\"wp-block-image\"><img decoding=\"async\" src=\"https:\/\/cdn.morelimedia.com\/bcbdb256046e29e24cb84f01a4bd3a4eaa511fa41e9f6d9b7d21224d1e56e1f5.png\" alt=\"Maru Botana y su hija Sof\u00eda Sol\u00e1 compartiendo juntas durante un evento al aire libre en Carmelo, Uruguay | Fuente: Instagram Stories\/marubotanaok\"\/><\/figure>\n\n\n\n<p>Maru Botana y su hija Sof\u00eda Sol\u00e1 compartiendo juntas durante un evento al aire libre en Carmelo, Uruguay | Fuente: Instagram Stories\/marubotanaok<\/p>\n\n\n\n<p>Maru eligi\u00f3 un conjunto dorado con chaqueta brillante y falda a juego. Complet\u00f3 su look con bucaneras negras, gafas marrones y joyer\u00eda met\u00e1lica. Llev\u00f3 el pelo con ondas marcadas y sum\u00f3 un top negro como base.<\/p>\n\n\n\n<figure class=\"wp-block-image\"><img decoding=\"async\" src=\"https:\/\/cdn.morelimedia.com\/2731639662a6d938a07cc66cd1c9b1eed9c9b018efdd01f0b26824da7df0bfc0.png\" alt=\"Maru Botana y su hija Sof\u00eda Sol\u00e1 compartiendo juntas durante un evento al aire libre en Carmelo, Uruguay | Fuente: Instagram Stories\/soffiasolaa\"\/><\/figure>\n\n\n\n<p>Maru Botana y su hija Sof\u00eda Sol\u00e1 compartiendo juntas durante un evento al aire libre en Carmelo, Uruguay | Fuente: Instagram Stories\/soffiasolaa<\/p>\n\n\n\n<p>Sof\u00eda opt\u00f3 por un top plateado de paillettes con escote profundo. Complement\u00f3 con collares finos, aros llamativos y maquillaje natural. El cabello recogido dej\u00f3 el protagonismo a los accesorios y las prendas.<\/p>\n\n\n\n<figure class=\"wp-block-image\"><img decoding=\"async\" src=\"https:\/\/cdn.morelimedia.com\/e9ea8a44356b9bb5d4be360556807752e224f66e9c0f28aa491ef9ea0d73def8.png\" alt=\"Maru Botana y su hija Sof\u00eda Sol\u00e1 compartiendo juntas durante un evento en Carmelo, Uruguay | Fuente: Instagram Stories\/tutigianakisremix\"\/><\/figure>\n\n\n\n<p>Maru Botana y su hija Sof\u00eda Sol\u00e1 compartiendo juntas durante un evento en Carmelo, Uruguay | Fuente: Instagram Stories\/tutigianakisremix<\/p>\n\n\n\n<h2 class=\"wp-block-heading\"><strong>Sof\u00eda Sol\u00e1: influencer, modelo y protagonista en redes<\/strong><\/h2>\n\n\n\n<p>Sof\u00eda&nbsp;<a href=\"https:\/\/www.lanacion.com.ar\/espectaculos\/sofia-sola-la-hija-de-maru-botana-mostro-en-un-video-lo-que-sucede-cuando-llega-a-su-casa-nid08102025\/\" target=\"_blank\" rel=\"noreferrer noopener\">acumula<\/a>&nbsp;casi 100.000 seguidores en TikTok y 48.000 en Instagram. Comparte videos de sus rutinas, cambios de ropa y escenas familiares. Uno de sus clips m\u00e1s virales mostr\u00f3 su regreso a casa entre risas.<\/p>\n\n\n\n<figure class=\"wp-block-image\"><img decoding=\"async\" src=\"https:\/\/cdn.morelimedia.com\/660338ce5e292cc4bc70ff49012007c3c78bc0fe0e56f335aada71267bf6907c.png\" alt=\"Maru Botana y su hija Sof\u00eda Sol\u00e1 junto a otras personas compartiendo durante un evento al aire libre en Carmelo, Uruguay | Fuente: Instagram Stories\/tutigianakisremix\"\/><\/figure>\n\n\n\n<p>Maru Botana y su hija Sof\u00eda Sol\u00e1 junto a otras personas compartiendo durante un evento al aire libre en Carmelo, Uruguay | Fuente: Instagram Stories\/tutigianakisremix<\/p>\n\n\n\n<p>En ese video se la ve bromeando con sus hermanos y su madre. &#8220;\u00bfQu\u00e9 hizo mam\u00e1 hoy?&#8221;,&nbsp;<a href=\"https:\/\/www.tiktok.com\/@sofffiaasola\/video\/7558618948900588811?lang=en\" target=\"_blank\" rel=\"noreferrer noopener\">pregunta<\/a>&nbsp;mientras Maru cocina una trucha. Al final, atrapa un tomate cherry con la boca y&nbsp;<a href=\"https:\/\/www.tiktok.com\/@sofffiaasola\/video\/7558618948900588811?lang=en\" target=\"_blank\" rel=\"noreferrer noopener\">dice<\/a>: &#8220;Buen martes&#8221;.<\/p>\n\n\n\n<p>Los usuarios reaccionaron con humor y cari\u00f1o en los comentarios.<em>&nbsp;\u201c\u00bfComo que los hijos de Maru son grandes ya?\u201d,<\/em>&nbsp;<a href=\"https:\/\/www.tiktok.com\/@sofffiaasola\/video\/7558618948900588811?lang=en\" target=\"_blank\" rel=\"noreferrer noopener\">escribi\u00f3<\/a>&nbsp;uno. Otro&nbsp;<a href=\"https:\/\/www.tiktok.com\/@sofffiaasola\/video\/7558618948900588811?lang=en\" target=\"_blank\" rel=\"noreferrer noopener\">agreg\u00f3<\/a>:&nbsp;<em>\u201cEn qu\u00e9 momento me enamor\u00e9 de la hija de Maru Botana\u201d.<\/em><\/p>\n\n\n\n<h2 class=\"wp-block-heading\"><strong>Una carrera que empez\u00f3 de la mano de Sarkany<\/strong><\/h2>\n\n\n\n<p>Sof\u00eda&nbsp;<a href=\"https:\/\/www.parati.com.ar\/news\/quien-es-sofia-sola-la-hija-modelo-de-maru-botana-tiene-16-anos-mide-171-y-debuto-haciendo-fotos-con-ricky-sarkany\/\" target=\"_blank\" rel=\"noreferrer noopener\">comenz\u00f3<\/a>&nbsp;a modelar a los 16 a\u00f1os con una campa\u00f1a para Ricky Sarkany. Lo conoc\u00eda desde chica y pos\u00f3 para \u00e9l en una producci\u00f3n que dur\u00f3 dos horas. Su madre la anim\u00f3 a probar con una sesi\u00f3n profesional para evaluar su gusto.<\/p>\n\n\n\n<p>Desde entonces particip\u00f3 en campa\u00f1as para Kosiuko y Paula Cahen D\u2019Anvers. Es representada por la agencia Civiles y su carrera sigue en ascenso. Sof\u00eda se siente c\u00f3moda con la exposici\u00f3n y la atenci\u00f3n en redes sociales.<\/p>\n\n\n\n<p>Confes\u00f3 que no disfruta de la cocina, aunque a veces lo intenta. Dijo que su madre es la que tiene el talento en esa \u00e1rea del hogar. Y destac\u00f3 que ambas se llevan muy bien y son muy parecidas.<\/p>\n\n\n\n<h2 class=\"wp-block-heading\"><strong>Los hijos de Maru Botana: una familia numerosa y unida<\/strong><\/h2>\n\n\n\n<p>Maru y Bernardo Sol\u00e1&nbsp;<a href=\"https:\/\/viapais.com.ar\/entretenimiento\/asi-estan-hoy-los-7-hijos-de-maru-botana-cuantos-anos-tienen-y-a-que-se-dedica-cada-uno\/\" target=\"_blank\" rel=\"noreferrer noopener\">tuvieron<\/a>&nbsp;ocho hijos; uno de ellos falleci\u00f3 en 2008. Hoy, comparten caminos distintos, pero mantienen un fuerte lazo familiar. Agust\u00edn vive en Francia y estudi\u00f3 Administraci\u00f3n y Sistemas. Luc\u00eda est\u00e1 en Haw\u00e1i y trabaja como empleada dom\u00e9stica.<\/p>\n\n\n\n<p>Mat\u00edas estudia y mantiene un perfil m\u00e1s reservado. Santiago y Juan Ignacio cursan el secundario en el Newman. In\u00e9s, la m\u00e1s chica, hered\u00f3 el amor por la cocina y ayuda en los locales. Sof\u00eda&nbsp;<a href=\"https:\/\/viapais.com.ar\/entretenimiento\/asi-estan-hoy-los-7-hijos-de-maru-botana-cuantos-anos-tienen-y-a-que-se-dedica-cada-uno\/\" target=\"_blank\" rel=\"noreferrer noopener\">asegur\u00f3<\/a>&nbsp;que tener muchos hermanos &#8220;es lo mejor&#8221;.<\/p>\n\n\n\n<p>Maru&nbsp;<a href=\"https:\/\/viapais.com.ar\/entretenimiento\/asi-estan-hoy-los-7-hijos-de-maru-botana-cuantos-anos-tienen-y-a-que-se-dedica-cada-uno\/\" target=\"_blank\" rel=\"noreferrer noopener\">expres\u00f3<\/a>: &#8220;Toda la vida so\u00f1\u00e9 con ser mam\u00e1, y hoy soy muy feliz&#8221;. Tambi\u00e9n&nbsp;<a href=\"https:\/\/viapais.com.ar\/entretenimiento\/asi-estan-hoy-los-7-hijos-de-maru-botana-cuantos-anos-tienen-y-a-que-se-dedica-cada-uno\/\" target=\"_blank\" rel=\"noreferrer noopener\">dijo<\/a>: &#8220;Apenas escucho un &#8216;m\u00e1&#8217;, salgo corriendo&#8221;.<\/p>\n\n\n\n<h2 class=\"wp-block-heading\"><strong>Una joven con proyecci\u00f3n internacional<\/strong><\/h2>\n\n\n\n<p>Sof\u00eda&nbsp;<a href=\"https:\/\/www.lanacion.com.ar\/espectaculos\/asi-esta-hoy-sofia-la-hija-modelo-de-maru-botana-tiene-16-anos-y-cosecho-miles-de-seguidores-en-las-nid27032022\/\" target=\"_blank\" rel=\"noreferrer noopener\">tiene<\/a>&nbsp;como referentes a Hailey Bieber y Emma Chamberlain. En Argentina, admira a Stefi Roitman y sue\u00f1a con trabajar afuera. Comparte en redes sus looks, campa\u00f1as y salidas con amigas.<\/p>\n\n\n\n<p>Tambi\u00e9n muestra momentos familiares, viajes y producciones de fotos. Afirma que analiza cada propuesta con sus padres antes de aceptar. Apuesta por una carrera s\u00f3lida, lejos de los esc\u00e1ndalos.<\/p>\n\n\n\n<p>Aunque creci\u00f3 con la fama de su madre, tiene identidad propia. Sabe moverse frente a las c\u00e1maras y transmite seguridad. Combina su perfil de influencer con una imagen profesional cuidada.<\/p>\n","protected":false},"excerpt":{"rendered":"<div class=\"mh-excerpt\"><p>Maru Botana y su hija Sof\u00eda Sol\u00e1 disfrutaron de un d\u00eda especial en Uruguay. Looks brillantes, complicidad familiar y una joven modelo que pisa fuerte. <a class=\"mh-excerpt-more\" href=\"https:\/\/animals.jkfraser.com\/?p=328\" title=\"Maru Botana tuvo un divertido d\u00eda de campo junto a su hija modelo \u2014 As\u00ed se ve Sof\u00eda Sol\u00e1 a los 19 a\u00f1os\">[&#8230;]<\/a><\/p>\n<\/div>","protected":false},"author":1,"featured_media":338,"comment_status":"open","ping_status":"open","sticky":false,"template":"","format":"standard","meta":{"footnotes":""},"categories":[1],"tags":[],"class_list":["post-328","post","type-post","status-publish","format-standard","has-post-thumbnail","hentry","category-uncategorised"],"_links":{"self":[{"href":"https:\/\/animals.jkfraser.com\/index.php?rest_route=\/wp\/v2\/posts\/328","targetHints":{"allow":["GET"]}}],"collection":[{"href":"https:\/\/animals.jkfraser.com\/index.php?rest_route=\/wp\/v2\/posts"}],"about":[{"href":"https:\/\/animals.jkfraser.com\/index.php?rest_route=\/wp\/v2\/types\/post"}],"author":[{"embeddable":true,"href":"https:\/\/animals.jkfraser.com\/index.php?rest_route=\/wp\/v2\/users\/1"}],"replies":[{"embeddable":true,"href":"https:\/\/animals.jkfraser.com\/index.php?rest_route=%2Fwp%2Fv2%2Fcomments&post=328"}],"version-history":[{"count":1,"href":"https:\/\/animals.jkfraser.com\/index.php?rest_route=\/wp\/v2\/posts\/328\/revisions"}],"predecessor-version":[{"id":339,"href":"https:\/\/animals.jkfraser.com\/index.php?rest_route=\/wp\/v2\/posts\/328\/revisions\/339"}],"wp:featuredmedia":[{"embeddable":true,"href":"https:\/\/animals.jkfraser.com\/index.php?rest_route=\/wp\/v2\/media\/338"}],"wp:attachment":[{"href":"https:\/\/animals.jkfraser.com\/index.php?rest_route=%2Fwp%2Fv2%2Fmedia&parent=328"}],"wp:term":[{"taxonomy":"category","embeddable":true,"href":"https:\/\/animals.jkfraser.com\/index.php?rest_route=%2Fwp%2Fv2%2Fcategories&post=328"},{"taxonomy":"post_tag","embeddable":true,"href":"https:\/\/animals.jkfraser.com\/index.php?rest_route=%2Fwp%2Fv2%2Ftags&post=328"}],"curies":[{"name":"wp","href":"https:\/\/api.w.org\/{rel}","templated":true}]}}