{"id":233,"date":"2025-11-04T16:59:04","date_gmt":"2025-11-04T16:59:04","guid":{"rendered":"https:\/\/animals.jkfraser.com\/?p=233"},"modified":"2025-11-04T16:59:10","modified_gmt":"2025-11-04T16:59:10","slug":"el-caso-de-maria-jose-ardila-joven-de-23-anos-salio-a-celebrar-un-cumpleanos-y-no-regreso-con-su-bebe","status":"publish","type":"post","link":"https:\/\/animals.jkfraser.com\/?p=233","title":{"rendered":"El caso de Mar\u00eda Jos\u00e9 Ardila, joven de 23 a\u00f1os \u2014 Sali\u00f3 a celebrar un cumplea\u00f1os y no regres\u00f3 con su beb\u00e9"},"content":{"rendered":"\n<figure class=\"wp-block-image size-large\"><img loading=\"lazy\" decoding=\"async\" width=\"1024\" height=\"512\" src=\"https:\/\/animals.jkfraser.com\/wp-content\/uploads\/2025\/11\/image-7-1024x512.png\" alt=\"\" class=\"wp-image-244\" srcset=\"https:\/\/animals.jkfraser.com\/wp-content\/uploads\/2025\/11\/image-7-1024x512.png 1024w, https:\/\/animals.jkfraser.com\/wp-content\/uploads\/2025\/11\/image-7-300x150.png 300w, https:\/\/animals.jkfraser.com\/wp-content\/uploads\/2025\/11\/image-7-768x384.png 768w, https:\/\/animals.jkfraser.com\/wp-content\/uploads\/2025\/11\/image-7.png 1200w\" sizes=\"auto, (max-width: 1024px) 100vw, 1024px\" \/><\/figure>\n\n\n\n<p>Una celebraci\u00f3n que termin\u00f3 en tragedia y dej\u00f3 una lecci\u00f3n de vida: Mar\u00eda Jos\u00e9 Ardila ten\u00eda solo 23 a\u00f1os y una vida por delante. Sali\u00f3 a celebrar un cumplea\u00f1os, sin imaginar que esa noche su familia vivir\u00eda el mayor dolor.<\/p>\n\n\n\n<p>Una noche de celebraci\u00f3n termin\u00f3 marcada por la tragedia. Mar\u00eda Jos\u00e9 Ardila, una joven madre de Cali, Colombia, sali\u00f3 a compartir con amigas y nunca regres\u00f3 con su beb\u00e9.<\/p>\n\n\n\n<p>Su historia conmovi\u00f3 profundamente a su familia y gener\u00f3 una reflexi\u00f3n nacional sobre la falta de conciencia ante los riesgos que se asumen por impulso.<\/p>\n\n\n\n<figure class=\"wp-block-image\"><img decoding=\"async\" src=\"https:\/\/cdn.morelimedia.com\/c42920d4d5269735ee45d941621afe247f8f44f8e565664c999b6009f4243ef6.jpg\" alt=\"Mar\u00eda Jos\u00e9 Ardila | Fuente: Facebook\/Ingrid Bibiana Carvajal\"\/><\/figure>\n\n\n\n<p>Mar\u00eda Jos\u00e9 Ardila | Fuente: Facebook\/Ingrid Bibiana Carvajal<\/p>\n\n\n\n<p>En este art\u00edculo repasamos c\u00f3mo ocurri\u00f3 el hecho, las palabras de su padre, el dolor que dej\u00f3 su partida y las reacciones que despert\u00f3 en redes sociales, donde cientos de personas lamentaron lo sucedido y pidieron mayor responsabilidad entre los j\u00f3venes.<\/p>\n\n\n\n<h2 class=\"wp-block-heading\"><strong>Una joven madre con sue\u00f1os y planes por cumplir<\/strong><\/h2>\n\n\n\n<p>Mar\u00eda Jos\u00e9 Ardila, de 23 a\u00f1os,&nbsp;<a href=\"https:\/\/www.the-sun.com\/news\/15433519\/young-mum-dead-drinking-challenge-nightclub\/\" target=\"_blank\" rel=\"noreferrer noopener\">particip\u00f3<\/a>&nbsp;en un reto dentro de un establecimiento de Cali. El concurso consist\u00eda en consumir varias bebidas a cambio de un premio en efectivo. Su familia explic\u00f3 que lo hizo con la intenci\u00f3n de ayudar a una amiga que atravesaba una situaci\u00f3n econ\u00f3mica dif\u00edcil.<\/p>\n\n\n\n<figure class=\"wp-block-image\"><img decoding=\"async\" src=\"https:\/\/cdn.morelimedia.com\/d6622061562d783dee22583d73fcd2f104175ea79b6f77f78f91e41bdab50a43.png\" alt=\"Mar\u00eda Jos\u00e9 Ardila, de 23 a\u00f1os, rodeada de amigos, durante el reto en el establecimiento de Cali, Colombia | Fuente: X\/ColombiaOscura\"\/><\/figure>\n\n\n\n<p>Mar\u00eda Jos\u00e9 Ardila, de 23 a\u00f1os, rodeada de amigos, durante el reto en el establecimiento de Cali, Colombia | Fuente: X\/ColombiaOscura<\/p>\n\n\n\n<p>El hecho ocurri\u00f3 durante una celebraci\u00f3n de cumplea\u00f1os y, poco despu\u00e9s del reto, la joven fue trasladada a un hospital, donde los m\u00e9dicos intentaron reanimarla sin \u00e9xito. Fue declarada con muerte cerebral tras cinco d\u00edas de atenci\u00f3n.<\/p>\n\n\n\n<p>Las autoridades&nbsp;<a href=\"https:\/\/www.the-sun.com\/news\/15433519\/young-mum-dead-drinking-challenge-nightclub\/\" target=\"_blank\" rel=\"noreferrer noopener\">informaron<\/a>&nbsp;que la Fiscal\u00eda de Cali abri\u00f3 una investigaci\u00f3n para determinar si las bebidas estaban adulteradas. Se ordenaron pruebas toxicol\u00f3gicas y el caso contin\u00faa en proceso. La discoteca donde ocurri\u00f3 el reto emiti\u00f3 un comunicado expresando condolencias y asegurando que colaborar\u00e1 con las autoridades.<\/p>\n\n\n\n<h2 class=\"wp-block-heading\"><strong>Las palabras de su padre: un llamado al pa\u00eds<\/strong><\/h2>\n\n\n\n<p>El padre de Mar\u00eda Jos\u00e9, Andr\u00e9s Ardila, habl\u00f3 con medios locales y comparti\u00f3 su tristeza. En sus declaraciones destac\u00f3 la necesidad de crear conciencia entre los j\u00f3venes.<\/p>\n\n\n\n<figure class=\"wp-block-image\"><img decoding=\"async\" src=\"https:\/\/cdn.morelimedia.com\/6e794fc236c6b51a79f425329d02258b32e00793f9eabd942af2af6deeee593f.png\" alt=\"Mar\u00eda Jos\u00e9 Ardila, de 23 a\u00f1os, rodeada de amigos, durante el reto en el establecimiento de Cali, Colombia | Fuente: X\/ColombiaOscura\"\/><\/figure>\n\n\n\n<p>Mar\u00eda Jos\u00e9 Ardila, de 23 a\u00f1os, rodeada de amigos, durante el reto en el establecimiento de Cali, Colombia | Fuente: X\/ColombiaOscura<\/p>\n\n\n\n<p>&#8220;Esto ha sido un tema muy duro para todos, para su esposo, para su abuela, para sus pap\u00e1s. Esto ha sido terrible. Esto ha sido una noticia que nos deja sorprendidos. Parece una pesadilla, pero bueno, pidi\u00e9ndole a Dios que nos d\u00e9 mucha fortaleza y que esto no se repita a nivel nacional&#8221;,&nbsp;<a href=\"https:\/\/youtu.be\/vfqHH8e5C2A?si=H9SESmOph1GYPxCg\" target=\"_blank\" rel=\"noreferrer noopener\">dijo<\/a>.<\/p>\n\n\n\n<p><a href=\"https:\/\/youtu.be\/vfqHH8e5C2A?si=H9SESmOph1GYPxCg\" target=\"_blank\" rel=\"noreferrer noopener\">Cont\u00f3<\/a>&nbsp;que su hija actu\u00f3 movida por la empat\u00eda: &#8220;Mi hija ten\u00eda una amiga que econ\u00f3micamente estaba necesitando el dinero y ella dijo, &#8216;Lo hago y vamos a regalarle la plata a la amiga'&#8221;.&nbsp;<a href=\"https:\/\/youtu.be\/vfqHH8e5C2A?si=H9SESmOph1GYPxCg\" target=\"_blank\" rel=\"noreferrer noopener\">A\u00f1adi\u00f3<\/a>&nbsp;con dolor que&nbsp;<strong>&#8220;los j\u00f3venes a esta edad se creen que son Superman, que pueden resistir cualquier cosa y esto nos demuestra que no es as\u00ed. No es as\u00ed. Su cuerpo no pudo m\u00e1s y falleci\u00f3&#8221;.<\/strong><\/p>\n\n\n\n<figure class=\"wp-block-image\"><img decoding=\"async\" src=\"https:\/\/cdn.morelimedia.com\/9ecd04ce23993e01a9ce791c5c773d5dd30803839cb87f95d397ca7364eeadcd.png\" alt=\"Mar\u00eda Jos\u00e9 Ardila, de 23 a\u00f1os, durante el reto en el establecimiento de Cali, Colombia | Fuente: X\/ColombiaOscura\"\/><\/figure>\n\n\n\n<p>Mar\u00eda Jos\u00e9 Ardila, de 23 a\u00f1os, durante el reto en el establecimiento de Cali, Colombia | Fuente: X\/ColombiaOscura<\/p>\n\n\n\n<p>El padre tambi\u00e9n explic\u00f3 que Mar\u00eda llevaba mucho tiempo sin consumir bebidas y que cuidaba de su salud. &#8220;Era completamente sana y no ten\u00eda ning\u00fan problema de salud&#8221;,&nbsp;<a href=\"https:\/\/www.youtube.com\/watch?v=vfqHH8e5C2A\" target=\"_blank\" rel=\"noreferrer noopener\">dijo<\/a>. &#8220;Como sabemos, tiene un beb\u00e9 de 10 meses\u2026 ya hab\u00eda terminado de amamantar&#8221;,&nbsp;<a href=\"https:\/\/www.youtube.com\/watch?v=vfqHH8e5C2A\" target=\"_blank\" rel=\"noreferrer noopener\">agreg\u00f3<\/a>.<\/p>\n\n\n\n<p>Destac\u00f3 que llevaba bastante tiempo sin consumir bebidas, aclarando que hab\u00eda&nbsp;<a href=\"https:\/\/www.youtube.com\/watch?v=vfqHH8e5C2A\" target=\"_blank\" rel=\"noreferrer noopener\">sido<\/a>&nbsp;<strong>&#8220;por el beb\u00e9&#8221;.<\/strong>&nbsp;&#8220;La inauguraci\u00f3n [\u2026] fue con este reto, desgraciadamente&#8221;,&nbsp;<a href=\"https:\/\/www.youtube.com\/watch?v=vfqHH8e5C2A\" target=\"_blank\" rel=\"noreferrer noopener\">agreg\u00f3<\/a>.<\/p>\n\n\n\n<h2 class=\"wp-block-heading\"><strong>Una historia de amor y proyectos truncados<\/strong><\/h2>\n\n\n\n<p>Mar\u00eda Jos\u00e9 era&nbsp;<a href=\"https:\/\/www.the-sun.com\/news\/15433519\/young-mum-dead-drinking-challenge-nightclub\/\" target=\"_blank\" rel=\"noreferrer noopener\">estudiante<\/a>&nbsp;de Ingenier\u00eda Agroindustrial y madre de un beb\u00e9 de 10 meses. Estaba casada con un hombre que vive en Estados Unidos, con quien ten\u00eda planes de mudarse y comenzar una nueva vida.<\/p>\n\n\n\n<figure class=\"wp-block-image\"><img decoding=\"async\" src=\"https:\/\/cdn.morelimedia.com\/9738570b6ef72c2e85ad2c2fe07279f81b2fa7cb4ebd3676d1461eb51742ec71.png\" alt=\"Mar\u00eda Jos\u00e9 Ardila, de 23 a\u00f1os, durante el reto en el establecimiento de Cali, Colombia | Fuente: X\/ColombiaOscura\"\/><\/figure>\n\n\n\n<p>Mar\u00eda Jos\u00e9 Ardila, de 23 a\u00f1os, durante el reto en el establecimiento de Cali, Colombia | Fuente: X\/ColombiaOscura<\/p>\n\n\n\n<p>&#8220;El marido vive en los Estados Unidos. Estaban precisamente planeando todo para irse para Estados Unidos en este mes que va a empezar. Ya ten\u00edan sus pasajes, ya le hab\u00edan comprado su carro all\u00e1, ya ten\u00eda todas sus cositas listas para irse y pues esto es una tristeza profunda que nos est\u00e1 matando realmente&#8221;,&nbsp;<a href=\"https:\/\/youtu.be\/vfqHH8e5C2A?si=H9SESmOph1GYPxCg\" target=\"_blank\" rel=\"noreferrer noopener\">relat\u00f3<\/a>&nbsp;el padre.<\/p>\n\n\n\n<p>Las autoridades contin\u00faan investigando lo ocurrido, mientras su caso sirve de advertencia sobre los peligros de los retos sin control ni supervisi\u00f3n m\u00e9dica.<\/p>\n\n\n\n<h2 class=\"wp-block-heading\"><strong>Reacciones de los usuarios<\/strong><\/h2>\n\n\n\n<p>En redes sociales, la historia de Mar\u00eda Jos\u00e9 Ardila provoc\u00f3 una ola de reacciones. Entre la indignaci\u00f3n y la tristeza, muchos usuarios expresaron su dolor y su preocupaci\u00f3n por la falta de responsabilidad en este tipo de situaciones.<\/p>\n\n\n\n<p>https:\/\/www.facebook.com\/v23.0\/plugins\/post.php?app_id=493078077833106&#038;channel=https%3A%2F%2Fstaticxx.facebook.com%2Fx%2Fconnect%2Fxd_arbiter%2F%3Fversion%3D46%23cb%3Df97ebee58e9c0d89f%26domain%3Dmorelimedia.com%26is_canvas%3Dfalse%26origin%3Dhttps%253A%252F%252Fmorelimedia.com%252Ffac2f4ce07005478e%26relation%3Dparent.parent&#038;container_width=0&#038;href=https%3A%2F%2Fwww.facebook.com%2Fphoto.php%3Ffbid%3D10162213030121325%26set%3Dpcb.10162213056626325%26mWidth%3D350%26mHeight%3D797%26dWidth%3D600%26dHeight%3D836&#038;lazy=false&#038;locale=es_ES&#038;sdk=joey&#038;show_text=false<\/p>\n\n\n\n<p><em>&#8220;Me disculpan, pero yo no le hago eso a una amiga&#8221;<\/em>,&nbsp;<a href=\"https:\/\/www.instagram.com\/p\/DQcqU_mjmsX\/c\/17930098047128951\/?img_index=1\" target=\"_blank\" rel=\"noreferrer noopener\">coment\u00f3<\/a>&nbsp;un usuario.&nbsp;<em>&#8220;Cuando no sabes decir NO pasa esto&#8221;<\/em>,&nbsp;<a href=\"https:\/\/www.instagram.com\/p\/DQcqU_mjmsX\/c\/17874403767356418\/?img_index=1\" target=\"_blank\" rel=\"noreferrer noopener\">escribi\u00f3<\/a>&nbsp;otra persona.&nbsp;<em>&#8220;Las malas decisiones traen consecuencias&#8221;<\/em>,&nbsp;<a href=\"https:\/\/www.instagram.com\/p\/DQcqU_mjmsX\/c\/18102181615578184\/?img_index=1\" target=\"_blank\" rel=\"noreferrer noopener\">agreg\u00f3<\/a>&nbsp;alguien m\u00e1s.&nbsp;<em>&#8220;Pobre ni\u00f1o que se queda sin mam\u00e1&#8221;<\/em>,&nbsp;<a href=\"https:\/\/www.instagram.com\/p\/DQcqU_mjmsX\/c\/18045108818678135\/?img_index=1\" target=\"_blank\" rel=\"noreferrer noopener\">fue<\/a>&nbsp;otro de los comentarios.<\/p>\n\n\n\n<p>Las opiniones reflejaron tanto la empat\u00eda hacia la familia como la frustraci\u00f3n ante una tragedia que pudo evitarse. La mayor\u00eda coincidi\u00f3 en que el caso debe servir de ejemplo para promover la prudencia y el autocuidado, especialmente entre los m\u00e1s j\u00f3venes.&nbsp;<strong>Mira&nbsp;<\/strong><a href=\"https:\/\/x.com\/ColombiaOscura\/status\/1984110043432726791\" target=\"_blank\" rel=\"noreferrer noopener\"><strong>aqu\u00ed<\/strong><\/a><strong>&nbsp;el \u00faltimo video de Mar\u00eda Jos\u00e9 durante el reto.<\/strong><\/p>\n\n\n\n<h2 class=\"wp-block-heading\"><strong>Una lecci\u00f3n que no debe olvidarse<\/strong><\/h2>\n\n\n\n<p>El caso de Mar\u00eda Jos\u00e9 Ardila deja un mensaje que va m\u00e1s all\u00e1 del dolor: la importancia de valorar la vida, pensar antes de actuar y reconocer los l\u00edmites. Su padre, con palabras de fe y fortaleza, convirti\u00f3 su tragedia en un llamado al cambio. Sus familiares rindieron homenaje a su memoria.&nbsp;<strong>Puedes ver el video&nbsp;<\/strong><a href=\"https:\/\/x.com\/lafm\/status\/1984758706454573259\" target=\"_blank\" rel=\"noreferrer noopener\"><strong>aqu\u00ed<\/strong><\/a><strong>.<\/strong><\/p>\n\n\n\n<figure class=\"wp-block-image\"><img decoding=\"async\" src=\"https:\/\/cdn.morelimedia.com\/14b1d44084ded9f80b25991774c729cdc2cfcf268726f99383d4375d98b71b01.png\" alt=\"Familiares y amigos reunidos para rendir homenaje en memoria de Mar\u00eda Jos\u00e9 Ardila | Fuente: X\/lafm\"\/><\/figure>\n\n\n\n<p>Familiares y amigos reunidos para rendir homenaje en memoria de Mar\u00eda Jos\u00e9 Ardila | Fuente: X\/lafm<\/p>\n\n\n\n<p>La historia de esta joven madre recuerda que una decisi\u00f3n tomada sin medir las consecuencias puede tener efectos irreversibles. Es una advertencia para todos: la imprudencia no distingue edades, y la responsabilidad puede salvar vidas.<\/p>\n\n\n\n<p><img loading=\"lazy\" decoding=\"async\" src=\"https:\/\/cdn.morelimedia.com\/icons\/info.svg\" alt=\"info\" width=\"24\" height=\"24\"><\/p>\n\n\n\n<p>La informaci\u00f3n contenida en este art\u00edculo en&nbsp;moreliMedia.com&nbsp;no se desea ni sugiere que sea un sustituto de consejos, diagn\u00f3sticos o tratamientos m\u00e9dicos profesionales. Todo el contenido, incluyendo texto, e im\u00e1genes contenidas en, o disponibles a trav\u00e9s de este&nbsp;moreliMedia.com&nbsp;es para prop\u00f3sitos de informaci\u00f3n general exclusivamente.&nbsp;moreliMedia.com&nbsp;no asume la responsabilidad de ninguna acci\u00f3n que sea tomada como resultado de leer este art\u00edculo. Antes de proceder con cualquier tipo de tratamiento, por favor consulte a su proveedor de salud.<\/p>\n","protected":false},"excerpt":{"rendered":"<div class=\"mh-excerpt\"><p>Una celebraci\u00f3n que termin\u00f3 en tragedia y dej\u00f3 una lecci\u00f3n de vida: Mar\u00eda Jos\u00e9 Ardila ten\u00eda solo 23 a\u00f1os y una vida por delante. Sali\u00f3 <a class=\"mh-excerpt-more\" href=\"https:\/\/animals.jkfraser.com\/?p=233\" title=\"El caso de Mar\u00eda Jos\u00e9 Ardila, joven de 23 a\u00f1os \u2014 Sali\u00f3 a celebrar un cumplea\u00f1os y no regres\u00f3 con su beb\u00e9\">[&#8230;]<\/a><\/p>\n<\/div>","protected":false},"author":1,"featured_media":244,"comment_status":"open","ping_status":"open","sticky":false,"template":"","format":"standard","meta":{"footnotes":""},"categories":[1],"tags":[],"class_list":["post-233","post","type-post","status-publish","format-standard","has-post-thumbnail","hentry","category-uncategorised"],"_links":{"self":[{"href":"https:\/\/animals.jkfraser.com\/index.php?rest_route=\/wp\/v2\/posts\/233","targetHints":{"allow":["GET"]}}],"collection":[{"href":"https:\/\/animals.jkfraser.com\/index.php?rest_route=\/wp\/v2\/posts"}],"about":[{"href":"https:\/\/animals.jkfraser.com\/index.php?rest_route=\/wp\/v2\/types\/post"}],"author":[{"embeddable":true,"href":"https:\/\/animals.jkfraser.com\/index.php?rest_route=\/wp\/v2\/users\/1"}],"replies":[{"embeddable":true,"href":"https:\/\/animals.jkfraser.com\/index.php?rest_route=%2Fwp%2Fv2%2Fcomments&post=233"}],"version-history":[{"count":1,"href":"https:\/\/animals.jkfraser.com\/index.php?rest_route=\/wp\/v2\/posts\/233\/revisions"}],"predecessor-version":[{"id":245,"href":"https:\/\/animals.jkfraser.com\/index.php?rest_route=\/wp\/v2\/posts\/233\/revisions\/245"}],"wp:featuredmedia":[{"embeddable":true,"href":"https:\/\/animals.jkfraser.com\/index.php?rest_route=\/wp\/v2\/media\/244"}],"wp:attachment":[{"href":"https:\/\/animals.jkfraser.com\/index.php?rest_route=%2Fwp%2Fv2%2Fmedia&parent=233"}],"wp:term":[{"taxonomy":"category","embeddable":true,"href":"https:\/\/animals.jkfraser.com\/index.php?rest_route=%2Fwp%2Fv2%2Fcategories&post=233"},{"taxonomy":"post_tag","embeddable":true,"href":"https:\/\/animals.jkfraser.com\/index.php?rest_route=%2Fwp%2Fv2%2Ftags&post=233"}],"curies":[{"name":"wp","href":"https:\/\/api.w.org\/{rel}","templated":true}]}}