{"id":215,"date":"2025-11-03T17:10:34","date_gmt":"2025-11-03T17:10:34","guid":{"rendered":"https:\/\/animals.jkfraser.com\/?p=215"},"modified":"2025-11-03T17:10:34","modified_gmt":"2025-11-03T17:10:34","slug":"mi-perra-perdio-la-vista-pero-termino-salvando-una-vida-en-la-oscuridad","status":"publish","type":"post","link":"https:\/\/animals.jkfraser.com\/?p=215","title":{"rendered":"Mi perra perdi\u00f3 la vista, pero termin\u00f3 salvando una vida en la oscuridad."},"content":{"rendered":"\n<figure class=\"wp-block-image size-large\"><img loading=\"lazy\" decoding=\"async\" width=\"1024\" height=\"1024\" src=\"https:\/\/animals.jkfraser.com\/wp-content\/uploads\/2025\/11\/image-5-1024x1024.png\" alt=\"\" class=\"wp-image-226\" srcset=\"https:\/\/animals.jkfraser.com\/wp-content\/uploads\/2025\/11\/image-5-1024x1024.png 1024w, https:\/\/animals.jkfraser.com\/wp-content\/uploads\/2025\/11\/image-5-300x300.png 300w, https:\/\/animals.jkfraser.com\/wp-content\/uploads\/2025\/11\/image-5-150x150.png 150w, https:\/\/animals.jkfraser.com\/wp-content\/uploads\/2025\/11\/image-5-768x768.png 768w, https:\/\/animals.jkfraser.com\/wp-content\/uploads\/2025\/11\/image-5-1536x1536.png 1536w, https:\/\/animals.jkfraser.com\/wp-content\/uploads\/2025\/11\/image-5-2048x2048.png 2048w\" sizes=\"auto, (max-width: 1024px) 100vw, 1024px\" \/><\/figure>\n\n\n\n<p>Cuando la gente la ve, suele susurrar:&nbsp;<em>\u201cPobrecita. No puede ver\u201d.<\/em>&nbsp;Pero yo siempre sonr\u00edo y digo: \u201cElla ve con el coraz\u00f3n. Eso es m\u00e1s de lo que la mayor\u00eda de nosotros hacemos\u201d.<\/p>\n\n\n\n<p>Su nombre es&nbsp;<strong>Luna<\/strong>&nbsp;. Se qued\u00f3 ciega hace dos a\u00f1os \u2014lentamente, de forma desgarradora\u2014 despu\u00e9s de que una rara enfermedad ocular le hiciera perder la vista. Al principio, pens\u00e9 que la desanimar\u00eda. Pero no fue as\u00ed.<\/p>\n\n\n\n<p>En todo caso, revel\u00f3 lo radiante que realmente es su alma.<\/p>\n\n\n\n<figure class=\"wp-block-image\" id=\"attachment_31854\"><img decoding=\"async\" src=\"https:\/\/alternatech-net.b-cdn.net\/wp-content\/uploads\/2025\/10\/My-Dog-Lost-Her-Sight-scaled.png\" alt=\"\" class=\"wp-image-31854\"\/><figcaption class=\"wp-element-caption\">Solo con fines ilustrativos<\/figcaption><\/figure>\n\n\n\n<p>Cuando adopt\u00e9 a Luna, era una perrita salvaje, de pelaje dorado y llena de energ\u00eda, reci\u00e9n llegada del refugio. Yo estaba hecha un l\u00edo por aquel entonces: acababa de terminar una relaci\u00f3n, estaba desempleada y me sent\u00eda completamente in\u00fatil.<\/p>\n\n\n\n<p>Pero cada ma\u00f1ana, Luna saltaba a mi cama, me lam\u00eda la cara y me exig\u00eda que me levantara. No le importaba que estuviera hecho un desastre. Solo quer\u00eda que le lanzara la pelota.<\/p>\n\n\n\n<p>Ella me dio un prop\u00f3sito.<\/p>\n\n\n\n<p>Entonces, una noche, not\u00e9 algo extra\u00f1o. Ella segu\u00eda chocando con el sof\u00e1.<\/p>\n\n\n\n<p>Luego la pared. Luego el marco de la puerta.<\/p>\n\n\n\n<p>La llev\u00e9 al veterinario, con la esperanza de que solo fuera una infecci\u00f3n o cansancio. Pero la voz del m\u00e9dico son\u00f3 baja y grave:<\/p>\n\n\n\n<p>Lo siento. Es degenerativo. Perder\u00e1 la vista por completo en cuesti\u00f3n de meses.<\/p>\n\n\n\n<p>Recuerdo estar sentada en el coche despu\u00e9s, con Luna apoyando la cabeza en mi rodilla como si ya lo supiera. Las l\u00e1grimas me nublaban la vista; apenas pod\u00eda ver.<\/p>\n\n\n\n<p>Las primeras semanas fueron terribles. Se chocaba con los muebles, se asustaba con los ruidos repentinos y lloriqueaba cuando no me encontraba.<\/p>\n\n\n\n<p>Intent\u00e9 guiarla, hablarle con dulzura, sujetarle la pata mientras nos mov\u00edamos por la casa. Hubo noches en que me qued\u00e9 despierta, pregunt\u00e1ndome si le hab\u00eda fallado.<\/p>\n\n\n\n<p>Pero Luna se neg\u00f3 a rendirse.<\/p>\n\n\n\n<p>Comenz\u00f3 a mapear la casa a trav\u00e9s de los sonidos y los olores. Inclinaba la cabeza, escuchando cada crujido, cada paso, cada susurro del aire.<\/p>\n\n\n\n<p>Si mov\u00eda una silla, ella se deten\u00eda, olisqueaba y volv\u00eda a aprender.<\/p>\n\n\n\n<figure class=\"wp-block-image\" id=\"attachment_31855\"><img decoding=\"async\" src=\"https:\/\/alternatech-net.b-cdn.net\/wp-content\/uploads\/2025\/10\/My-Dog-Lost-Her-Sight2-scaled.png\" alt=\"\" class=\"wp-image-31855\"\/><figcaption class=\"wp-element-caption\">Solo con fines ilustrativos<\/figcaption><\/figure>\n\n\n\n<p>Una ma\u00f1ana, me despert\u00e9 con el sonido de su cola golpeando el suelo. Segu\u00ed el ruido y la vi sentada orgullosa junto a la puerta principal, con su pelota favorita entre las patas.<\/p>\n\n\n\n<p>Ya no pod\u00eda&nbsp;<em>verlo<\/em>&nbsp;. Pero recordaba d\u00f3nde estaba.<\/p>\n\n\n\n<p>Ese d\u00eda me di cuenta: no hab\u00eda perdido su luz. Simplemente hab\u00eda encontrado una nueva forma de brillar.<\/p>\n\n\n\n<p>Nos adaptamos juntas. Me at\u00e9 campanitas a los zapatos para que siempre supiera d\u00f3nde estaba.<\/p>\n\n\n\n<p>Le hablaba constantemente, avis\u00e1ndole cuando dobl\u00e1bamos las esquinas, sub\u00edamos escaleras o cruz\u00e1bamos la calle.<br>Y cuando \u00edbamos al parque, le dec\u00eda:&nbsp;<em>&#8220;\u00bfLista, Luna?&#8221;,<\/em>&nbsp;antes de lanzarle la pelota que ten\u00eda una campanita dentro.<\/p>\n\n\n\n<p>Ella corr\u00eda hacia el tintineo, fallaba las primeras veces, y luego volv\u00eda trotando orgullosa hacia m\u00ed, meneando la cola como si acabara de ganar el mundo.<\/p>\n\n\n\n<p>La gente me miraba fijamente \u2014algunos con l\u00e1stima, otros con admiraci\u00f3n\u2014 pero no me importaba. Porque cada d\u00eda con Luna me recordaba que la alegr\u00eda no se mide por lo que se ve, sino por lo que se siente.<\/p>\n\n\n\n<p>Lleg\u00f3 entonces la noche de la tormenta. Los truenos resonaron en el cielo como si el mundo se fuera a desmoronar. Se cort\u00f3 la luz, sumiendo mi casa en la m\u00e1s absoluta oscuridad.<\/p>\n\n\n\n<p>Buscaba a tientas una linterna cuando o\u00ed un estruendo afuera: un \u00e1rbol hab\u00eda ca\u00eddo en el patio, destrozando parte de la cerca. Y luego, un d\u00e9bil grito.<\/p>\n\n\n\n<p>El peque\u00f1o hijo de un vecino, Ethan, ped\u00eda auxilio. Estaba jugando afuera antes de la tormenta y ahora estaba atrapado bajo las ramas ca\u00eddas.<\/p>\n\n\n\n<p>Sal\u00ed corriendo descalza, empapada hasta los huesos por la lluvia. Pero el viento aullaba y no lograba distinguir de d\u00f3nde ven\u00eda la voz.<\/p>\n\n\n\n<p>\u201c\u00a1Ethan! \u00bfD\u00f3nde est\u00e1s?\u201d, grit\u00e9.<\/p>\n\n\n\n<p>Ninguna respuesta, solo el estruendo del trueno.<\/p>\n\n\n\n<p>Fue entonces cuando Luna ladr\u00f3. Una vez. Dos veces. Luego sali\u00f3 disparada hacia la oscuridad.<\/p>\n\n\n\n<p>\u201c\u00a1Luna! \u00a1No!\u201d, grit\u00e9, aterrorizada de que pudiera correr peligro.<\/p>\n\n\n\n<p>Pero sus ladridos no cesaron; se volvieron m\u00e1s agudos, m\u00e1s fuertes, urgentes. Segu\u00ed el sonido, tropezando con la hierba mojada y los escombros. Y all\u00ed, junto a la cerca rota, estaba Luna, ara\u00f1ando un mont\u00f3n de ramas. Debajo de ellas, vi el rostro aterrorizado de Ethan.<\/p>\n\n\n\n<p>Ella lo hab\u00eda encontrado. En la oscuridad total de la tormenta, el perro ciego hab\u00eda visto lo que yo no pod\u00eda.<\/p>\n\n\n\n<p>Lo sacamos juntos y lo envolv\u00ed en mi abrigo. Su madre, sollozando, no dejaba de repetir: \u201cTu perro\u2026 tu perro lo salv\u00f3\u2026\u201d.<\/p>\n\n\n\n<figure class=\"wp-block-image\" id=\"attachment_31856\"><img decoding=\"async\" src=\"https:\/\/alternatech-net.b-cdn.net\/wp-content\/uploads\/2025\/10\/My-Dog-Lost-Her-Sight555-scaled.png\" alt=\"\" class=\"wp-image-31856\"\/><figcaption class=\"wp-element-caption\">Solo con fines ilustrativos<\/figcaption><\/figure>\n\n\n\n<p>A la ma\u00f1ana siguiente, el sol se abri\u00f3 paso entre las nubes como si nada hubiera pasado.<\/p>\n\n\n\n<p>Luna estaba sentada junto a la ventana, con el hocico alzado hacia el calor, y la cola golpeando el suelo.<\/p>\n\n\n\n<p>Me arrodill\u00e9 a su lado y le susurr\u00e9: \u201cRealmente eres mi luz, \u00bfverdad?\u201d<\/p>\n\n\n\n<p>Inclin\u00f3 la cabeza, como si sonriera, y apoy\u00f3 su pata sobre mi mano.<\/p>\n\n\n\n<p>Desde aquella noche, la gente del barrio la llama&nbsp;<em>la Perra Milagrosa.<\/em><\/p>\n\n\n\n<p>Pero para m\u00ed, ella es simplemente Luna: mi valiente y radiante ni\u00f1a que me ense\u00f1\u00f3 que la luz no es algo que se ve con los ojos. Es algo que llevas dentro, sin importar cu\u00e1n oscuro se ponga el mundo.<\/p>\n\n\n\n<p>Ahora, cada vez que un desconocido me pregunta: &#8220;\u00bfC\u00f3mo se las arregla?&#8221;, les cuento la verdad.<\/p>\n\n\n\n<p>\u201cElla no necesita la vista para ver la belleza. La&nbsp;<em>siente<\/em>&nbsp;.\u201d<\/p>\n\n\n\n<p>Cuando camina a mi lado, con pasos firmes y seguros, me doy cuenta de que en realidad nunca ha estado ciega. Porque quien de verdad me ayud\u00f3&nbsp;<em>a ver<\/em>&nbsp;de nuevo fue ella.<\/p>\n\n\n\n<hr class=\"wp-block-separator has-alpha-channel-opacity\"\/>\n\n\n\n<p>\u00a0<strong>Si alguna vez sientes que has perdido tu luz, recuerda a Luna.<\/strong><br>Aun sin ojos, encontr\u00f3 su camino y me demostr\u00f3 que el amor no necesita vista. Solo necesita coraz\u00f3n.<\/p>\n","protected":false},"excerpt":{"rendered":"<div class=\"mh-excerpt\"><p>Cuando la gente la ve, suele susurrar:&nbsp;\u201cPobrecita. No puede ver\u201d.&nbsp;Pero yo siempre sonr\u00edo y digo: \u201cElla ve con el coraz\u00f3n. Eso es m\u00e1s de lo <a class=\"mh-excerpt-more\" href=\"https:\/\/animals.jkfraser.com\/?p=215\" title=\"Mi perra perdi\u00f3 la vista, pero termin\u00f3 salvando una vida en la oscuridad.\">[&#8230;]<\/a><\/p>\n<\/div>","protected":false},"author":1,"featured_media":226,"comment_status":"open","ping_status":"open","sticky":false,"template":"","format":"standard","meta":{"footnotes":""},"categories":[1],"tags":[],"class_list":["post-215","post","type-post","status-publish","format-standard","has-post-thumbnail","hentry","category-uncategorised"],"_links":{"self":[{"href":"https:\/\/animals.jkfraser.com\/index.php?rest_route=\/wp\/v2\/posts\/215","targetHints":{"allow":["GET"]}}],"collection":[{"href":"https:\/\/animals.jkfraser.com\/index.php?rest_route=\/wp\/v2\/posts"}],"about":[{"href":"https:\/\/animals.jkfraser.com\/index.php?rest_route=\/wp\/v2\/types\/post"}],"author":[{"embeddable":true,"href":"https:\/\/animals.jkfraser.com\/index.php?rest_route=\/wp\/v2\/users\/1"}],"replies":[{"embeddable":true,"href":"https:\/\/animals.jkfraser.com\/index.php?rest_route=%2Fwp%2Fv2%2Fcomments&post=215"}],"version-history":[{"count":1,"href":"https:\/\/animals.jkfraser.com\/index.php?rest_route=\/wp\/v2\/posts\/215\/revisions"}],"predecessor-version":[{"id":227,"href":"https:\/\/animals.jkfraser.com\/index.php?rest_route=\/wp\/v2\/posts\/215\/revisions\/227"}],"wp:featuredmedia":[{"embeddable":true,"href":"https:\/\/animals.jkfraser.com\/index.php?rest_route=\/wp\/v2\/media\/226"}],"wp:attachment":[{"href":"https:\/\/animals.jkfraser.com\/index.php?rest_route=%2Fwp%2Fv2%2Fmedia&parent=215"}],"wp:term":[{"taxonomy":"category","embeddable":true,"href":"https:\/\/animals.jkfraser.com\/index.php?rest_route=%2Fwp%2Fv2%2Fcategories&post=215"},{"taxonomy":"post_tag","embeddable":true,"href":"https:\/\/animals.jkfraser.com\/index.php?rest_route=%2Fwp%2Fv2%2Ftags&post=215"}],"curies":[{"name":"wp","href":"https:\/\/api.w.org\/{rel}","templated":true}]}}