{"id":186,"date":"2025-10-31T13:41:09","date_gmt":"2025-10-31T13:41:09","guid":{"rendered":"https:\/\/animals.jkfraser.com\/?p=186"},"modified":"2025-10-31T13:41:09","modified_gmt":"2025-10-31T13:41:09","slug":"detienen-a-pareja-de-la-hija-de-gloria-estefan-detalles-y-video-2","status":"publish","type":"post","link":"https:\/\/animals.jkfraser.com\/?p=186","title":{"rendered":"Detienen a pareja de la hija de Gloria Estefan \u2014 Detalles y video"},"content":{"rendered":"\n<figure class=\"wp-block-image size-large\"><img loading=\"lazy\" decoding=\"async\" width=\"1024\" height=\"512\" src=\"https:\/\/animals.jkfraser.com\/wp-content\/uploads\/2025\/10\/image-65-1024x512.png\" alt=\"\" class=\"wp-image-208\" srcset=\"https:\/\/animals.jkfraser.com\/wp-content\/uploads\/2025\/10\/image-65-1024x512.png 1024w, https:\/\/animals.jkfraser.com\/wp-content\/uploads\/2025\/10\/image-65-300x150.png 300w, https:\/\/animals.jkfraser.com\/wp-content\/uploads\/2025\/10\/image-65-768x384.png 768w, https:\/\/animals.jkfraser.com\/wp-content\/uploads\/2025\/10\/image-65.png 1200w\" sizes=\"auto, (max-width: 1024px) 100vw, 1024px\" \/><\/figure>\n\n\n\n<p>La hija de Gloria Estefan habl\u00f3 en plena audiencia judicial para intervenir en el caso contra su pareja, detenida tras un incidente en su casa de Miami.<\/p>\n\n\n\n<p>El rostro de Emily Estefan apareci\u00f3 en la pantalla durante una audiencia judicial en Miami. No fue para declarar como v\u00edctima ni para confirmar lo ocurrido, sino para pedir un gesto a favor de la persona detenida.<\/p>\n\n\n\n<p>La joven no dud\u00f3 en mostrar su postura y expresar que no ten\u00eda miedo. Su intervenci\u00f3n fue directa y conmocion\u00f3 a quienes segu\u00edan el caso. La detenida era su pareja desde hac\u00eda ocho a\u00f1os, Gemeny Hern\u00e1ndez, arrestada por un presunto caso de violencia dom\u00e9stica.<\/p>\n\n\n\n<figure class=\"wp-block-image\"><img decoding=\"async\" src=\"https:\/\/cdn.morelimedia.com\/35160e0cfbfb31516f7077e304970cbaf37633fec5603293e60854d553607287.jpg\" alt=\"Comentario de un usuario sobre las declaraciones de Emily Estefan, la hija de Gloria Estefan, sobre el arresto de su novia, Gemeny Hern\u00e1ndez | Fuente: Facebook\/Telemundo 51\"\/><\/figure>\n\n\n\n<p>Comentario de un usuario sobre las declaraciones de Emily Estefan, la hija de Gloria Estefan, sobre el arresto de su novia, Gemeny Hern\u00e1ndez | Fuente: Facebook\/Telemundo 51<\/p>\n\n\n\n<h2 class=\"wp-block-heading\"><strong>\u00bfQu\u00e9 ocurri\u00f3 en el domicilio que comparten?<\/strong><\/h2>\n\n\n\n<p>Seg\u00fan documentos oficiales, Gemeny Hern\u00e1ndez fue&nbsp;<a href=\"https:\/\/www.infobae.com\/entretenimiento\/2025\/10\/30\/la-hija-de-gloria-estefan-aparece-como-presunta-victima-en-arresto-de-su-pareja-de-ocho-anos\/\" target=\"_blank\" rel=\"noreferrer noopener\">arrestada<\/a>&nbsp;el martes 28 de octubre por cargos de robo con fuerza y agresi\u00f3n. El altercado habr\u00eda ocurrido en la casa que compart\u00eda con Emily Estefan, hija menor de Gloria y Emilio Estefan, en la ciudad de Miami.<\/p>\n\n\n\n<p>El reporte indica que el conflicto se origin\u00f3 durante una discusi\u00f3n por un tel\u00e9fono m\u00f3vil. Seg\u00fan la denuncia, Hern\u00e1ndez habr\u00eda golpeado a su pareja con el aparato. Luego del forcejeo, la v\u00edctima recuper\u00f3 el dispositivo y llam\u00f3 al 911 desde un lugar seguro.<\/p>\n\n\n\n<figure class=\"wp-block-image\"><img decoding=\"async\" src=\"https:\/\/cdn.morelimedia.com\/d7e57686c88f8b83bf89bae99b3f518bfc88aa26b8805cb1ab5b253099faa518.jpg\" alt=\"Gloria Estefan con su esposo Emilio y su hija Emily en el estreno de la pel\u00edcula &quot;Music of the Heart&quot; el 26 de octubre de 1999 en Nueva York, NY. | Fuente: Getty Images\"\/><\/figure>\n\n\n\n<p>Gloria Estefan con su esposo Emilio y su hija Emily en el estreno de la pel\u00edcula &#8220;Music of the Heart&#8221; el 26 de octubre de 1999 en Nueva York, NY. | Fuente: Getty Images<\/p>\n\n\n\n<p>Las autoridades acudieron al domicilio y realizaron el arresto. Durante el interrogatorio, Hern\u00e1ndez neg\u00f3 haber tomado el celular, pero reconoci\u00f3 su participaci\u00f3n en el altercado.<\/p>\n\n\n\n<p>Posteriormente se&nbsp;<a href=\"https:\/\/www.infobae.com\/entretenimiento\/2025\/10\/30\/la-hija-de-gloria-estefan-aparece-como-presunta-victima-en-arresto-de-su-pareja-de-ocho-anos\/\" target=\"_blank\" rel=\"noreferrer noopener\">fij\u00f3<\/a>&nbsp;una fianza de tres mil d\u00f3lares. La polic\u00eda confirm\u00f3 que ambas eran pareja de hecho desde hac\u00eda ocho a\u00f1os y que resid\u00edan juntas.<\/p>\n\n\n\n<figure class=\"wp-block-image\"><img decoding=\"async\" src=\"https:\/\/cdn.morelimedia.com\/286cf1603867903e327607006efcfc5334b837e2f0ed3064a2adee9e15459b13.jpg\" alt=\"Nayib Estefan, Emilio Estefan, Gloria Estefan y Emily Estefan asistieron a la funci\u00f3n de estreno en Broadway de &quot;On Your Feet&quot; en el Teatro Marquis el 5 de noviembre de 2015 en la ciudad de Nueva York. | Fuente: Getty Images\"\/><\/figure>\n\n\n\n<p>Nayib Estefan, Emilio Estefan, Gloria Estefan y Emily Estefan asistieron a la funci\u00f3n de estreno en Broadway de &#8220;On Your Feet&#8221; en el Teatro Marquis el 5 de noviembre de 2015 en la ciudad de Nueva York. | Fuente: Getty Images<\/p>\n\n\n\n<h2 class=\"wp-block-heading\"><strong>La declaraci\u00f3n de Emily ante la jueza<\/strong><\/h2>\n\n\n\n<p>Durante la audiencia de fianza, Emily Estefan particip\u00f3 mediante videollamada. Su intervenci\u00f3n dej\u00f3 en claro su postura: no quer\u00eda que se dictaran medidas en contra de Gemeny. Sus palabras, citadas en el video de Facebook Watch, fueron&nbsp;<a href=\"https:\/\/www.facebook.com\/watch?v=1454415945651727\" target=\"_blank\" rel=\"noreferrer noopener\">directas<\/a>:<\/p>\n\n\n\n<blockquote class=\"wp-block-quote is-layout-flow wp-block-quote-is-layout-flow\">\n<p>&#8220;No quer\u00eda que fuera a la c\u00e1rcel. Le rogu\u00e9 al detective y a los oficiales que no se la llevaran&#8221;.<\/p>\n<\/blockquote>\n\n\n\n<p>La jueza le&nbsp;<a href=\"https:\/\/www.facebook.com\/watch?v=1454415945651727\" target=\"_blank\" rel=\"noreferrer noopener\">explic\u00f3<\/a>: &#8220;Cuando van por un caso dom\u00e9stico alguien es arrestado&#8221;. Emily&nbsp;<a href=\"https:\/\/www.facebook.com\/watch?v=1454415945651727\" target=\"_blank\" rel=\"noreferrer noopener\">respondi\u00f3<\/a>&nbsp;con firmeza: &#8220;Lo entiendo perfectamente, y s\u00e9 que estaban haciendo su trabajo, pero no tengo miedo. No quiero ninguna orden en su contra&#8221;.<\/p>\n\n\n\n<figure class=\"wp-block-image\"><img decoding=\"async\" src=\"https:\/\/cdn.morelimedia.com\/331778e5d39e214ad5f9b3ce52deebb1665e0b1f3048db94e71af52ba4d797e6.jpg\" alt=\"Gemeny Hern\u00e1ndez (izq.) y Emily Estefan llegan a Q85: Una celebraci\u00f3n musical para Quincy Jones en el Teatro Microsoft el 25 de septiembre de 2018 en Los \u00c1ngeles, California. | Fuente: Getty Images\"\/><\/figure>\n\n\n\n<p>Gemeny Hern\u00e1ndez (izq.) y Emily Estefan llegan a Q85: Una celebraci\u00f3n musical para Quincy Jones en el Teatro Microsoft el 25 de septiembre de 2018 en Los \u00c1ngeles, California. | Fuente: Getty Images<\/p>\n\n\n\n<p>El clip se viraliz\u00f3 y dio pie a m\u00faltiples reacciones del p\u00fablico, que cuestion\u00f3 la forma en que se posicion\u00f3 frente al caso.<\/p>\n\n\n\n<h2 class=\"wp-block-heading\"><strong>Una relaci\u00f3n con historia y visibilidad<\/strong><\/h2>\n\n\n\n<p>Emily Estefan y Gemeny Hern\u00e1ndez comenzaron su relaci\u00f3n en 2016 y la hicieron p\u00fablica en 2017 durante un homenaje a Gloria Estefan en el Kennedy Center.<\/p>\n\n\n\n<figure class=\"wp-block-image\"><img decoding=\"async\" src=\"https:\/\/cdn.morelimedia.com\/550b2fe0822eac15e3a934fab7ed80d6e7444e52ad617bc76234862c7c002875.jpg\" alt=\"Emily Estefan y Geremy Hern\u00e1ndez asistieron a la Serie de Presentaciones del Distrito de Dise\u00f1o de Miami en el Palm Court del Distrito de Dise\u00f1o de Miami el 12 de abril de 2019 en Miami, Florida. | Fuente: Getty Images\"\/><\/figure>\n\n\n\n<p>Emily Estefan y Geremy Hern\u00e1ndez asistieron a la Serie de Presentaciones del Distrito de Dise\u00f1o de Miami en el Palm Court del Distrito de Dise\u00f1o de Miami el 12 de abril de 2019 en Miami, Florida. | Fuente: Getty Images<\/p>\n\n\n\n<p>Adem\u00e1s de la relaci\u00f3n sentimental, ambas compart\u00edan proyectos laborales.&nbsp;<a href=\"https:\/\/www.infobae.com\/entretenimiento\/2025\/10\/30\/la-hija-de-gloria-estefan-aparece-como-presunta-victima-en-arresto-de-su-pareja-de-ocho-anos\/\" target=\"_blank\" rel=\"noreferrer noopener\">Coanimaron<\/a>&nbsp;el p\u00f3dcast &#8220;In Our Own World&#8221;, aunque no se han publicado nuevos episodios desde abril de este a\u00f1o.<\/p>\n\n\n\n<p>D\u00edas antes del arresto, Gemeny trabaj\u00f3 como productora del evento Fiesta Latina de iHeart Radio, donde Emily se present\u00f3. En ese contexto,&nbsp;<a href=\"https:\/\/www.instagram.com\/p\/DPxQLvdDJ6R\/\" target=\"_blank\" rel=\"noreferrer noopener\">escribi\u00f3<\/a>:<\/p>\n\n\n\n<blockquote class=\"wp-block-quote is-layout-flow wp-block-quote-is-layout-flow\">\n<p>&#8220;Estoy rebosante de emoci\u00f3n por lo que promete ser uno de los eventos m\u00e1s maravillosos que he producido [&#8230;] Emily es la primera en la lista&#8221;.<\/p>\n<\/blockquote>\n\n\n\n<figure class=\"wp-block-image\"><img decoding=\"async\" src=\"https:\/\/cdn.morelimedia.com\/9e5f49aea82c3d6987b94edd8d25a754772755dc0feb6818c28e38813f18dd53.jpg\" alt=\"Emily Estefan, Geremy Hern\u00e1ndez, Gloria Estefan y Emilio Estefan asistieron a la Serie de Presentaciones del Distrito de Dise\u00f1o de Miami en el Palm Court del Distrito de Dise\u00f1o de Miami el 12 de abril de 2019 en Miami, Florida. | Fuente: Getty Images\"\/><\/figure>\n\n\n\n<p>Emily Estefan, Geremy Hern\u00e1ndez, Gloria Estefan y Emilio Estefan asistieron a la Serie de Presentaciones del Distrito de Dise\u00f1o de Miami en el Palm Court del Distrito de Dise\u00f1o de Miami el 12 de abril de 2019 en Miami, Florida. | Fuente: Getty Images<\/p>\n\n\n\n<p>Gemeny tambi\u00e9n sol\u00eda expresar su cercan\u00eda con la familia Estefan. En el cumplea\u00f1os de Emilio Estefan,&nbsp;<a href=\"https:\/\/www.hola.com\/us-es\/celebrities\/20251029864555\/emily-estefan-novia-arrestada-quien-es-gemeny-hernandez\/\" target=\"_blank\" rel=\"noreferrer noopener\">escribi\u00f3<\/a>: &#8220;Padre, esposo, tio, hijo, artista, hombre ejemplar. \u00a1Una LEYENDA VIVA! Y con un coraz\u00f3n de puro oro. Mi Koala querido, como te quiero. \ud83d\udc9d Happy Birthday!&#8221;<\/p>\n\n\n\n<h2 class=\"wp-block-heading\"><strong>\u00bfQui\u00e9n es Gemeny Hern\u00e1ndez?<\/strong><\/h2>\n\n\n\n<p>Gemeny tiene 31 a\u00f1os y es&nbsp;<a href=\"https:\/\/www.hola.com\/us-es\/celebrities\/20251029864555\/emily-estefan-novia-arrestada-quien-es-gemeny-hernandez\/\" target=\"_blank\" rel=\"noreferrer noopener\">egresada<\/a>&nbsp;de Florida International University (FIU). En su biograf\u00eda de Instagram se describe como \u201cescritora ocasional, estilista accidental, m\u00fasico a rega\u00f1adientes y productora perpetua\u201d.<\/p>\n\n\n\n<p>Con cerca de 40 mil seguidores, Hern\u00e1ndez ha trabajado en la producci\u00f3n de conciertos y otros eventos musicales. Su carrera ha estado ligada al entorno art\u00edstico de Emily, con quien compart\u00eda tanto el escenario como la vida cotidiana.<\/p>\n\n\n\n<p>El d\u00eda del arresto, la polic\u00eda&nbsp;<a href=\"https:\/\/www.hola.com\/us-es\/celebrities\/20251029864555\/emily-estefan-novia-arrestada-quien-es-gemeny-hernandez\/\" target=\"_blank\" rel=\"noreferrer noopener\">inform\u00f3<\/a>&nbsp;que Gemeny permanec\u00eda detenida y a la espera de que el juez le leyera los cargos y determinara si se manten\u00edan las acusaciones. Las autoridades confirmaron que la investigaci\u00f3n sigue abierta.<\/p>\n\n\n\n<figure class=\"wp-block-image\"><img decoding=\"async\" src=\"https:\/\/cdn.morelimedia.com\/ca59bf0414c8e4954431f35f82385313b9d918b6d3f6fa4c350fadff52482e20.jpg\" alt=\"Emily Estefan y Gemeny Hern\u00e1ndez en la gran reapertura de Cardozo South Beach en Ocean Drive el 12 de junio de 2019 en Miami Beach, Florida. | Fuente: Getty Images\"\/><\/figure>\n\n\n\n<p>Emily Estefan y Gemeny Hern\u00e1ndez en la gran reapertura de Cardozo South Beach en Ocean Drive el 12 de junio de 2019 en Miami Beach, Florida. | Fuente: Getty Images<\/p>\n\n\n\n<h2 class=\"wp-block-heading\"><strong>Reacciones de los usuarios<\/strong><\/h2>\n\n\n\n<p>La participaci\u00f3n de Emily en la audiencia gener\u00f3 una oleada de comentarios en redes sociales. Algunos usuarios hallaron contradictorio que llamara a la polic\u00eda, generara exposici\u00f3n y luego defendiera a la supuesta agresora, y otros mostraron preocupaci\u00f3n por la situaci\u00f3n.<\/p>\n\n\n\n<p><em>&#8220;<strong>\u00a1Qu\u00e9 verg\u00fcenza para sus padres<\/strong>!&#8221;<\/em>,&nbsp;<a href=\"https:\/\/www.facebook.com\/reel\/1454415945651727\/?comment_id=810898675057251&amp;__tn__=R\" target=\"_blank\" rel=\"noreferrer noopener\">coment\u00f3<\/a>&nbsp;un usuario sobre la situaci\u00f3n.&nbsp;<em>&#8220;Se pelean, llaman al 911 y despu\u00e9s pretenden que no pas\u00f3 nada&#8221;<\/em>,&nbsp;<a href=\"https:\/\/www.facebook.com\/reel\/1454415945651727\/?comment_id=800683389539411&amp;__tn__=R\" target=\"_blank\" rel=\"noreferrer noopener\">escribi\u00f3<\/a>&nbsp;otra persona.&nbsp;<em>&#8220;<strong>Terrible esto<\/strong>, verg\u00fcenza para su familia&#8221;<\/em>,&nbsp;<a href=\"https:\/\/www.facebook.com\/reel\/1454415945651727\/?comment_id=24771844132457880&amp;__tn__=R\" target=\"_blank\" rel=\"noreferrer noopener\">expres\u00f3<\/a>&nbsp;alguien m\u00e1s.<\/p>\n\n\n\n<p>Otro usuario&nbsp;<a href=\"https:\/\/www.facebook.com\/reel\/1454415945651727\/?comment_id=1751916305523876&amp;__tn__=R\" target=\"_blank\" rel=\"noreferrer noopener\">aconsej\u00f3<\/a>:&nbsp;<em>&#8220;Sal del ciclo de violencia domestica, busca ayuda profesional a tiempo. TODO PASA&#8221;. &#8220;Pobre Emily&#8221;,&nbsp;<\/em><a href=\"https:\/\/www.facebook.com\/reel\/1454415945651727\/?comment_id=818151724265060&amp;__tn__=R\" target=\"_blank\" rel=\"noreferrer noopener\">coment\u00f3<\/a>&nbsp;otro.&nbsp;<em>&#8220;Los ricos tambi\u00e9n lloran. Una novela que vi hace a\u00f1os&#8221;<\/em>,&nbsp;<a href=\"https:\/\/www.facebook.com\/reel\/1454415945651727\/?comment_id=1101779695371538&amp;__tn__=R\" target=\"_blank\" rel=\"noreferrer noopener\">fue<\/a>&nbsp;otro de los comentarios.<\/p>\n\n\n\n<p>Estas reacciones reflejan la tensi\u00f3n que gener\u00f3 el caso y el escrutinio que enfrentan las figuras p\u00fablicas al exponer aspectos \u00edntimos de sus vidas.<strong>&nbsp;Mira abajo el video de las declaraciones de Emily:<\/strong><\/p>\n\n\n\n<h2 class=\"wp-block-heading\"><strong>Lo que sigue en el caso<\/strong><\/h2>\n\n\n\n<p>Mientras la atenci\u00f3n p\u00fablica contin\u00faa, Gemeny Hern\u00e1ndez ha quedado en libertad bajo fianza y deber\u00e1 esperar nuevas audiencias. Las autoridades revisar\u00e1n las declaraciones y las pruebas reunidas para decidir los pasos legales a seguir.<\/p>\n\n\n\n<p>Emily Estefan, hasta el momento, no ha emitido nuevos comentarios sobre lo ocurrido. El caso sigue bajo investigaci\u00f3n, y su desenlace a\u00fan es incierto.<\/p>\n","protected":false},"excerpt":{"rendered":"<div class=\"mh-excerpt\"><p>La hija de Gloria Estefan habl\u00f3 en plena audiencia judicial para intervenir en el caso contra su pareja, detenida tras un incidente en su casa <a class=\"mh-excerpt-more\" href=\"https:\/\/animals.jkfraser.com\/?p=186\" title=\"Detienen a pareja de la hija de Gloria Estefan \u2014 Detalles y video\">[&#8230;]<\/a><\/p>\n<\/div>","protected":false},"author":1,"featured_media":208,"comment_status":"open","ping_status":"open","sticky":false,"template":"","format":"standard","meta":{"footnotes":""},"categories":[1],"tags":[],"class_list":["post-186","post","type-post","status-publish","format-standard","has-post-thumbnail","hentry","category-uncategorised"],"_links":{"self":[{"href":"https:\/\/animals.jkfraser.com\/index.php?rest_route=\/wp\/v2\/posts\/186","targetHints":{"allow":["GET"]}}],"collection":[{"href":"https:\/\/animals.jkfraser.com\/index.php?rest_route=\/wp\/v2\/posts"}],"about":[{"href":"https:\/\/animals.jkfraser.com\/index.php?rest_route=\/wp\/v2\/types\/post"}],"author":[{"embeddable":true,"href":"https:\/\/animals.jkfraser.com\/index.php?rest_route=\/wp\/v2\/users\/1"}],"replies":[{"embeddable":true,"href":"https:\/\/animals.jkfraser.com\/index.php?rest_route=%2Fwp%2Fv2%2Fcomments&post=186"}],"version-history":[{"count":1,"href":"https:\/\/animals.jkfraser.com\/index.php?rest_route=\/wp\/v2\/posts\/186\/revisions"}],"predecessor-version":[{"id":209,"href":"https:\/\/animals.jkfraser.com\/index.php?rest_route=\/wp\/v2\/posts\/186\/revisions\/209"}],"wp:featuredmedia":[{"embeddable":true,"href":"https:\/\/animals.jkfraser.com\/index.php?rest_route=\/wp\/v2\/media\/208"}],"wp:attachment":[{"href":"https:\/\/animals.jkfraser.com\/index.php?rest_route=%2Fwp%2Fv2%2Fmedia&parent=186"}],"wp:term":[{"taxonomy":"category","embeddable":true,"href":"https:\/\/animals.jkfraser.com\/index.php?rest_route=%2Fwp%2Fv2%2Fcategories&post=186"},{"taxonomy":"post_tag","embeddable":true,"href":"https:\/\/animals.jkfraser.com\/index.php?rest_route=%2Fwp%2Fv2%2Ftags&post=186"}],"curies":[{"name":"wp","href":"https:\/\/api.w.org\/{rel}","templated":true}]}}