{"id":185,"date":"2025-10-31T13:40:37","date_gmt":"2025-10-31T13:40:37","guid":{"rendered":"https:\/\/animals.jkfraser.com\/?p=185"},"modified":"2025-10-31T13:40:38","modified_gmt":"2025-10-31T13:40:38","slug":"asi-fue-el-amor-mas-doloroso-de-natalia-esperon-una-historia-que-pocos-conocen","status":"publish","type":"post","link":"https:\/\/animals.jkfraser.com\/?p=185","title":{"rendered":"As\u00ed fue el amor m\u00e1s doloroso de Natalia Esper\u00f3n: una historia que pocos conocen"},"content":{"rendered":"\n<figure class=\"wp-block-image size-large\"><img loading=\"lazy\" decoding=\"async\" width=\"1024\" height=\"512\" src=\"https:\/\/animals.jkfraser.com\/wp-content\/uploads\/2025\/10\/image-64-1024x512.png\" alt=\"\" class=\"wp-image-206\" srcset=\"https:\/\/animals.jkfraser.com\/wp-content\/uploads\/2025\/10\/image-64-1024x512.png 1024w, https:\/\/animals.jkfraser.com\/wp-content\/uploads\/2025\/10\/image-64-300x150.png 300w, https:\/\/animals.jkfraser.com\/wp-content\/uploads\/2025\/10\/image-64-768x384.png 768w, https:\/\/animals.jkfraser.com\/wp-content\/uploads\/2025\/10\/image-64.png 1200w\" sizes=\"auto, (max-width: 1024px) 100vw, 1024px\" \/><\/figure>\n\n\n\n<p>El v\u00ednculo que marc\u00f3 su vida y su carrera: Una historia de amor que comenz\u00f3 con ilusi\u00f3n, enfrent\u00f3 desaf\u00edos inesperados y termin\u00f3 en una separaci\u00f3n inevitable.<\/p>\n\n\n\n<p>Mientras desarrollaba una carrera televisiva con gran visibilidad, Natalia Esper\u00f3n tambi\u00e9n atravesaba cambios intensos en su vida personal. Su historia con Pepe Bast\u00f3n comenz\u00f3 en plena etapa de trabajo constante y compromisos profesionales apretados.<\/p>\n\n\n\n<p>El romance surgi\u00f3 de forma inesperada, avanz\u00f3 r\u00e1pidamente y se convirti\u00f3 en un v\u00ednculo serio que incluy\u00f3 matrimonio, hijos y decisiones importantes. Sin embargo, no todo se desarroll\u00f3 como esperaban, y pronto enfrentaron conflictos que pusieron en riesgo la relaci\u00f3n. Aqu\u00ed, toda la historia, desde el romance y el embarazo oculto hasta lo que vino despu\u00e9s del divorcio.<\/p>\n\n\n\n<figure class=\"wp-block-image\"><img decoding=\"async\" src=\"https:\/\/cdn.morelimedia.com\/5d61fd947f1aa3fc2678c3c72dac8ba7e62d060d142fa4c5003d1861a951b602.jpg\" alt=\"Natalia Esper\u00f3n y Pepe Bast\u00f3n el d\u00eda de su boda | Fuente: Facebook\/Ut\u00f3pico\"\/><\/figure>\n\n\n\n<p>Natalia Esper\u00f3n y Pepe Bast\u00f3n el d\u00eda de su boda | Fuente: Facebook\/Ut\u00f3pico<\/p>\n\n\n\n<p>Con el paso del tiempo, Natalia ha hablado p\u00fablicamente sobre esa etapa, desde c\u00f3mo comenz\u00f3 la relaci\u00f3n hasta c\u00f3mo la vivi\u00f3 tras una p\u00e9rdida devastadora y una separaci\u00f3n definitiva. Su testimonio deja ver un proceso \u00edntimo que rara vez se conoce en detalle.<\/p>\n\n\n\n<h2 class=\"wp-block-heading\"><strong>C\u00f3mo empez\u00f3 todo: el noviazgo con Pepe Bast\u00f3n<\/strong><\/h2>\n\n\n\n<p>Natalia Esper\u00f3n&nbsp;<a href=\"https:\/\/www.quien.com\/espectaculos\/2023\/08\/24\/natalia-esperon-se-sincera-sobre-su-divorcio-de-pepe-baston\" target=\"_blank\" rel=\"noreferrer noopener\">conoci\u00f3<\/a>&nbsp;a Pepe Bast\u00f3n durante el concurso &#8220;Chica TV&#8221;, gracias a Arturo Velasco. Poco despu\u00e9s, cuando participaba en la telenovela &#8220;Agujetas de color de rosa&#8221;, la relaci\u00f3n se consolid\u00f3. &#8220;Ya no me dej\u00f3&#8221;,&nbsp;<a href=\"https:\/\/www.quien.com\/espectaculos\/2023\/08\/24\/natalia-esperon-se-sincera-sobre-su-divorcio-de-pepe-baston\" target=\"_blank\" rel=\"noreferrer noopener\">record\u00f3<\/a>&nbsp;la actriz en entrevista con Anette Cuburu.<\/p>\n\n\n\n<p>Tuvieron un noviazgo que, aunque bonito, se vio afectado por la agenda profesional de ambos. &#8220;Yo trabajaba de lunes a viernes, s\u00e1bado estaba muerta [\u2026] el domingo ya estaba out, mal, y el lunes me ten\u00eda que ir a trabajar&#8221;,&nbsp;<a href=\"https:\/\/www.quien.com\/espectaculos\/2023\/08\/24\/natalia-esperon-se-sincera-sobre-su-divorcio-de-pepe-baston\" target=\"_blank\" rel=\"noreferrer noopener\">explic\u00f3<\/a>. Para Natalia, no hubo una convivencia suficiente para conocer a fondo a su pareja.<\/p>\n\n\n\n<p>Esa falta de espacio dio lugar a fricciones. &#8220;Nos ve\u00edamos a ratitos, s\u00ed nos pele\u00e1bamos porque hasta terminamos, o sea, me termin\u00f3 porque dec\u00eda que era demasiado buena&#8221;,&nbsp;<a href=\"https:\/\/www.quien.com\/espectaculos\/2023\/08\/24\/natalia-esperon-se-sincera-sobre-su-divorcio-de-pepe-baston\" target=\"_blank\" rel=\"noreferrer noopener\">revel\u00f3<\/a>. Sin embargo, decidieron seguir adelante.<\/p>\n\n\n\n<h2 class=\"wp-block-heading\"><strong>Compromiso, embarazo y nuevos planes<\/strong><\/h2>\n\n\n\n<p>Cuando cumpl\u00edan un a\u00f1o juntos, Pepe Bast\u00f3n le dio el anillo de compromiso. Para Natalia, ese momento&nbsp;<a href=\"https:\/\/www.quien.com\/espectaculos\/2023\/08\/24\/natalia-esperon-se-sincera-sobre-su-divorcio-de-pepe-baston\" target=\"_blank\" rel=\"noreferrer noopener\">represent\u00f3<\/a>&nbsp;tambi\u00e9n otro cambio: &#8220;Lo m\u00e1s bonito de esto es que yo siento que esa celebraci\u00f3n fue la llegada de Tali [\u2026] porque me embarac\u00e9. Fue anillo y beb\u00e9&#8221;.<\/p>\n\n\n\n<p>A\u00f1os despu\u00e9s, Esper\u00f3n revel\u00f3 que su primer embarazo lleg\u00f3 de sorpresa, antes del enlace, y que al principio lo ocult\u00f3 a la familia. Lleg\u00f3 un momento en que &#8220;todo el mundo sab\u00eda, menos tu mam\u00e1&#8221;,&nbsp;<a href=\"https:\/\/www.instagram.com\/reel\/CwT5MBJNrsw\/\" target=\"_blank\" rel=\"noreferrer noopener\">record\u00f3<\/a>&nbsp;Anette, su entrevistadora, a lo que ella dijo: &#8220;Perd\u00f3name, mam\u00e1&#8221;. La decisi\u00f3n de la pareja fue&nbsp;<a href=\"https:\/\/www.facebook.com\/photo\/?fbid=1254609646697640&amp;set=pcb.1254610800030858\" target=\"_blank\" rel=\"noreferrer noopener\">consolidar<\/a>&nbsp;su relaci\u00f3n.<\/p>\n\n\n\n<figure class=\"wp-block-image\"><img decoding=\"async\" src=\"https:\/\/cdn.morelimedia.com\/5b01d3a253b03c2184638b5f75901e84e2a4739cd4f191fdabebfb2ec25a89a4.jpg\" alt=\"Jos\u00e9 Bast\u00f3n asisti\u00f3 a la conferencia de prensa de The Ultimate Fighter Latinoam\u00e9rica en el hotel Four Seasons el 29 de abril de 2014 en Ciudad de M\u00e9xico, M\u00e9xico. | Fuente: Getty Images\"\/><\/figure>\n\n\n\n<p>Jos\u00e9 Bast\u00f3n asisti\u00f3 a la conferencia de prensa de The Ultimate Fighter Latinoam\u00e9rica en el hotel Four Seasons el 29 de abril de 2014 en Ciudad de M\u00e9xico, M\u00e9xico. | Fuente: Getty Images<\/p>\n\n\n\n<p>Sin embargo, las diferencias entre ambos segu\u00edan latentes, en especial por la percepci\u00f3n que Bast\u00f3n ten\u00eda sobre el trabajo de su esposa. &#8220;\u00c9l nunca me enga\u00f1\u00f3, \u00e9l siempre me lo dijo: &#8216;No me gustan las actrices&#8217;, y yo hac\u00eda o\u00eddos sordos&#8221;,&nbsp;<a href=\"https:\/\/www.quien.com\/espectaculos\/2023\/08\/24\/natalia-esperon-se-sincera-sobre-su-divorcio-de-pepe-baston\" target=\"_blank\" rel=\"noreferrer noopener\">confes\u00f3<\/a>&nbsp;Natalia. Continu\u00f3 con su carrera, pero con el tiempo entendi\u00f3 lo que esa declaraci\u00f3n implicaba.<\/p>\n\n\n\n<p>&#8220;Ahora lo que ya entiendo es asumir mi responsabilidad y decir: &#8216;\u00bfQu\u00e9 hac\u00eda yo ah\u00ed?&#8217;. Si no me quieren como actriz es que no me quieren a m\u00ed como soy&#8221;,&nbsp;<a href=\"https:\/\/www.quien.com\/espectaculos\/2023\/08\/24\/natalia-esperon-se-sincera-sobre-su-divorcio-de-pepe-baston\" target=\"_blank\" rel=\"noreferrer noopener\">reflexion\u00f3<\/a>. A pesar del esfuerzo, las tensiones no disminuyeron.<\/p>\n\n\n\n<h2 class=\"wp-block-heading\"><strong>El golpe que fractur\u00f3 la relaci\u00f3n<\/strong><\/h2>\n\n\n\n<p>Durante su segundo intento por ampliar la familia, Natalia fue diagnosticada con endometriosis. Luego de un tratamiento, logr\u00f3 un embarazo m\u00faltiple. Sin embargo, poco antes del parto, perdi\u00f3 a uno de los beb\u00e9s: Sebasti\u00e1n.<\/p>\n\n\n\n<figure class=\"wp-block-embed\"><div class=\"wp-block-embed__wrapper\">\nhttps:\/\/if-cdn.com\/80d3T5LW?_showcaption=false&#038;app=1\n<\/div><\/figure>\n\n\n\n<p>&#8220;Cuando decidimos tener a este chiquito, que finalmente no fue uno, sino que eran al principio cuatro y despu\u00e9s me qued\u00e9 con tres, nuestra vida cambi\u00f3 cuando fallece&#8221;,&nbsp;<a href=\"https:\/\/www.quien.com\/espectaculos\/2023\/08\/24\/natalia-esperon-se-sincera-sobre-su-divorcio-de-pepe-baston\" target=\"_blank\" rel=\"noreferrer noopener\">relat\u00f3<\/a>. El duelo la&nbsp;<a href=\"https:\/\/www.quien.com\/espectaculos\/2023\/08\/24\/natalia-esperon-se-sincera-sobre-su-divorcio-de-pepe-baston\" target=\"_blank\" rel=\"noreferrer noopener\">afect\u00f3<\/a>&nbsp;profundamente. &#8220;En ese momento s\u00ed era el dolor m\u00e1s grande, por mucho tiempo lo tuve hasta que pude ir a terapia&#8221;.<\/p>\n\n\n\n<p>A pesar de la gravedad de la situaci\u00f3n, ambos enfrentaron el duelo de forma separada. &#8220;Cada quien lo vivi\u00f3 separado&#8221;,&nbsp;<a href=\"https:\/\/www.quien.com\/espectaculos\/2023\/08\/24\/natalia-esperon-se-sincera-sobre-su-divorcio-de-pepe-baston\" target=\"_blank\" rel=\"noreferrer noopener\">explic\u00f3<\/a>. Mientras ella se enfoc\u00f3 en cuidar a sus hijos, \u00e9l busc\u00f3 el apoyo de sus amigos.<\/p>\n\n\n\n<p>&#8220;No me dejaron despedirme de mi hijo [\u2026] no lo pude conocer&#8221;,&nbsp;<a href=\"https:\/\/www.infobae.com\/mexico\/2025\/03\/27\/natalia-esperon-y-pepe-baston-el-dolor-que-les-causo-la-muerte-de-su-hijo-antes-de-nacer\/\" target=\"_blank\" rel=\"noreferrer noopener\">confes\u00f3<\/a>. Posteriormente, supo que se&nbsp;<a href=\"https:\/\/www.infobae.com\/mexico\/2025\/03\/27\/natalia-esperon-y-pepe-baston-el-dolor-que-les-causo-la-muerte-de-su-hijo-antes-de-nacer\/\" target=\"_blank\" rel=\"noreferrer noopener\">trat\u00f3<\/a>&nbsp;de un caso de negligencia m\u00e9dica: &#8220;El lunes que me hacen ultrasonido se dan cuenta de que ya hab\u00eda fallecido y que Mariana y Jos\u00e9 ten\u00edan sufrimiento fetal&#8221;.<\/p>\n\n\n\n<h2 class=\"wp-block-heading\"><strong>El divorcio y el aprendizaje compartido<\/strong><\/h2>\n\n\n\n<p>El dolor por la p\u00e9rdida marc\u00f3 un punto de inflexi\u00f3n. &#8220;Mi matrimonio se vino para abajo, no hubo manera de poder salvarlo&#8221;,&nbsp;<a href=\"https:\/\/www.infobae.com\/mexico\/2025\/03\/27\/natalia-esperon-y-pepe-baston-el-dolor-que-les-causo-la-muerte-de-su-hijo-antes-de-nacer\/\" target=\"_blank\" rel=\"noreferrer noopener\">reconoci\u00f3<\/a>. La relaci\u00f3n finaliz\u00f3 en 2005, tras una d\u00e9cada juntos.<\/p>\n\n\n\n<p>Aunque los primeros a\u00f1os fueron complicados, ambos comprendieron con el tiempo que deb\u00edan enfocarse en el bienestar de sus hijos: Natalia, Mariana y Jos\u00e9. &#8220;Nos cay\u00f3 el 20 a los dos que somos pap\u00e1s de Mariana, Jos\u00e9 y Tali, y que nuestras malas y buenas decisiones son de nosotros&#8221;,&nbsp;<a href=\"https:\/\/www.quien.com\/espectaculos\/2023\/08\/24\/natalia-esperon-se-sincera-sobre-su-divorcio-de-pepe-baston\" target=\"_blank\" rel=\"noreferrer noopener\">expres\u00f3<\/a>&nbsp;la actriz.<\/p>\n\n\n\n<p>Hoy, la convivencia entre ambos es cordial. &#8220;Nuestros hijos tienen que ver una buena relaci\u00f3n de respeto entre nosotros&#8221;,&nbsp;<a href=\"https:\/\/www.quien.com\/espectaculos\/2023\/08\/24\/natalia-esperon-se-sincera-sobre-su-divorcio-de-pepe-baston\" target=\"_blank\" rel=\"noreferrer noopener\">afirm\u00f3<\/a>. Esa reflexi\u00f3n fue clave para lograr la estabilidad familiar.<\/p>\n\n\n\n<h2 class=\"wp-block-heading\"><strong>Una nueva etapa con Eva Longoria<\/strong><\/h2>\n\n\n\n<p>En 2016, Pepe Bast\u00f3n contrajo matrimonio con Eva Longoria. Dos a\u00f1os despu\u00e9s, naci\u00f3 el primer hijo de la actriz estadounidense con el empresario mexicano. Lejos de generar distancia, la situaci\u00f3n fue bien recibida por la familia.<\/p>\n\n\n\n<p>&#8220;Felices, estaban todos felices [\u2026] y hasta yo as\u00ed de &#8216;wow&#8217;, pues es que es Hollywood&#8221;,&nbsp;<a href=\"https:\/\/www.infobae.com\/mexico\/2023\/08\/30\/hay-envidia-natalia-esperon-revelo-como-es-su-relacion-con-eva-longoria-esposa-de-su-expareja-pepe-baston\/\" target=\"_blank\" rel=\"noreferrer noopener\">relat\u00f3<\/a>&nbsp;Natalia sobre la reacci\u00f3n de sus hijos al conocer la noticia.<\/p>\n\n\n\n<p>La relaci\u00f3n entre Esper\u00f3n y Longoria es buena. &#8220;S\u00ed me gusta, s\u00ed la admiro, con mis hijos es una gran persona&#8221;,&nbsp;<a href=\"https:\/\/www.infobae.com\/mexico\/2023\/08\/30\/hay-envidia-natalia-esperon-revelo-como-es-su-relacion-con-eva-longoria-esposa-de-su-expareja-pepe-baston\/\" target=\"_blank\" rel=\"noreferrer noopener\">se\u00f1al\u00f3<\/a>. Adem\u00e1s,&nbsp;<a href=\"https:\/\/www.infobae.com\/mexico\/2023\/08\/30\/hay-envidia-natalia-esperon-revelo-como-es-su-relacion-con-eva-longoria-esposa-de-su-expareja-pepe-baston\/\" target=\"_blank\" rel=\"noreferrer noopener\">destac\u00f3<\/a>: &#8220;Vamos a ser familia para toda la vida, o sea, estamos compartiendo cosas bell\u00edsimas juntos&#8221;.<\/p>\n\n\n\n<figure class=\"wp-block-image\"><img decoding=\"async\" src=\"https:\/\/cdn.morelimedia.com\/2461c64042a54585277502109859af131486c43834dfe7c9a2566ee2dc336aa4.jpg\" alt=\"Eva Longoria y Jos\u00e9 Antonio Bast\u00f3n fueron vistos en el Hotel Martinez durante el octavo d\u00eda del 78\u00ba Festival de Cannes el 20 de mayo de 2025 en Cannes, Francia. | Fuente: Getty Images\"\/><\/figure>\n\n\n\n<p>Eva Longoria y Jos\u00e9 Antonio Bast\u00f3n fueron vistos en el Hotel Martinez durante el octavo d\u00eda del 78\u00ba Festival de Cannes el 20 de mayo de 2025 en Cannes, Francia. | Fuente: Getty Images<\/p>\n\n\n\n<p>Incluso elogi\u00f3 la carrera de&nbsp;<a href=\"https:\/\/morelimedia.com\/456255-desafiando-estereotipos-eva-longoria-y.html\">Longoria<\/a>: &#8220;Los logros de Eva son espectaculares; como mujer, la admiro. Es muy trabajadora, una mujer con objetivos muy claros [\u2026] es una mujer en la que yo tambi\u00e9n me espejeo y digo: &#8216;Yo tambi\u00e9n tengo de eso'&#8221;.<\/p>\n\n\n\n<h2 class=\"wp-block-heading\"><strong>Reacciones de los usuarios<\/strong><\/h2>\n\n\n\n<p>Las revelaciones de Natalia generaron m\u00faltiples comentarios por parte del p\u00fablico. Los lectores expresaron opiniones diversas, muchas de ellas en apoyo a la actriz:<\/p>\n\n\n\n<p><em>&#8220;Cuando alguno de los dos fingi\u00f3 amor, el divorcio llega tarde o temprano\u2026 lo \u00fanico que justifica el divorcio es descubrir que el amor de alguno de los dos no fue real&#8221;<\/em>,&nbsp;<a href=\"https:\/\/www.facebook.com\/plaxico.lecter\/posts\/pfbid0GLJKChcCmuXjRuNC1u6rSy39fzRcg9mD5XNvmJcv6upsuNTBkWX7Yd4dYgcCEMYRl?comment_id=25084247347846403&amp;__cft__%5B0%5D=AZX04n3GdoxYjeCZXOm3-bNzUMrHcut7JJ5pZopVIsaIA4vCklf2kvAMandwF1AKIs0MCptFn4Iz7ipg-G1frV5Sng6iS9TcOCZMzBziPjkXgiWFKPKArM1Ny9phaKZQggDzBqBXpAPqySgUngcew-RVPu5xVNHcGbUmmyagfFOIyg&amp;__tn__=R%5D-R\" target=\"_blank\" rel=\"noreferrer noopener\">coment\u00f3<\/a>&nbsp;un usuario.&nbsp;<em>&#8220;\u00a1Pobre mujer! Era una ni\u00f1a&#8221;<\/em>,&nbsp;<a href=\"https:\/\/www.facebook.com\/plaxico.lecter\/posts\/pfbid0GLJKChcCmuXjRuNC1u6rSy39fzRcg9mD5XNvmJcv6upsuNTBkWX7Yd4dYgcCEMYRl?comment_id=1395680485226166&amp;__cft__%5B0%5D=AZX04n3GdoxYjeCZXOm3-bNzUMrHcut7JJ5pZopVIsaIA4vCklf2kvAMandwF1AKIs0MCptFn4Iz7ipg-G1frV5Sng6iS9TcOCZMzBziPjkXgiWFKPKArM1Ny9phaKZQggDzBqBXpAPqySgUngcew-RVPu5xVNHcGbUmmyagfFOIyg&amp;__tn__=R%5D-R\" target=\"_blank\" rel=\"noreferrer noopener\">escribi\u00f3<\/a>&nbsp;otra persona.<\/p>\n\n\n\n<figure class=\"wp-block-image\"><img decoding=\"async\" src=\"https:\/\/cdn.morelimedia.com\/34637e0e38dc126824c35815462ca0333f107f3d80608d5a91c7703af8c32795.jpg\" alt=\"Eva Longoria, Santiago Enrique Bast\u00f3n y Jos\u00e9 Antonio Bast\u00f3n durante el sexto d\u00eda del 78\u00ba Festival de Cannes, el 18 de mayo de 2025, en Cannes, Francia. | Fuente: Getty Images\"\/><\/figure>\n\n\n\n<p>Eva Longoria, Santiago Enrique Bast\u00f3n y Jos\u00e9 Antonio Bast\u00f3n durante el sexto d\u00eda del 78\u00ba Festival de Cannes, el 18 de mayo de 2025, en Cannes, Francia. | Fuente: Getty Images<\/p>\n\n\n\n<p><em>&#8220;Natalia Esper\u00f3n no tiene nada que envidiarle a la Longoria, Natalia es hermosa al natural, simplemente no supo escoger bien al hombre que pens\u00f3 que ser\u00eda el hombre de su vida&#8221;<\/em>,&nbsp;<a href=\"https:\/\/www.facebook.com\/plaxico.lecter\/posts\/pfbid0GLJKChcCmuXjRuNC1u6rSy39fzRcg9mD5XNvmJcv6upsuNTBkWX7Yd4dYgcCEMYRl?comment_id=2275282552891491&amp;__cft__%5B0%5D=AZX04n3GdoxYjeCZXOm3-bNzUMrHcut7JJ5pZopVIsaIA4vCklf2kvAMandwF1AKIs0MCptFn4Iz7ipg-G1frV5Sng6iS9TcOCZMzBziPjkXgiWFKPKArM1Ny9phaKZQggDzBqBXpAPqySgUngcew-RVPu5xVNHcGbUmmyagfFOIyg&amp;__tn__=R%5D-R\" target=\"_blank\" rel=\"noreferrer noopener\">agreg\u00f3<\/a>&nbsp;alguien m\u00e1s.&nbsp;<em>&#8220;Jajajajaj como cuando te dejan por Eva Longoria&#8230; \u00a1\u00a1\u00a1ahora entiendo todo!!! Verguenza y ardor para no dar la cara una vez m\u00e1s jajajaja&#8221;<\/em>,&nbsp;<a href=\"https:\/\/www.facebook.com\/plaxico.lecter\/posts\/pfbid0GLJKChcCmuXjRuNC1u6rSy39fzRcg9mD5XNvmJcv6upsuNTBkWX7Yd4dYgcCEMYRl?comment_id=3063128290534836&amp;__cft__%5B0%5D=AZX04n3GdoxYjeCZXOm3-bNzUMrHcut7JJ5pZopVIsaIA4vCklf2kvAMandwF1AKIs0MCptFn4Iz7ipg-G1frV5Sng6iS9TcOCZMzBziPjkXgiWFKPKArM1Ny9phaKZQggDzBqBXpAPqySgUngcew-RVPu5xVNHcGbUmmyagfFOIyg&amp;__tn__=R%5D-R\" target=\"_blank\" rel=\"noreferrer noopener\">dijo<\/a>&nbsp;otro usuario.<\/p>\n\n\n\n<p><em>&#8220;\u00a1Eva que no repita lo de Natalia! Las historias que se olvidan se repiten&#8221;<\/em>,&nbsp;<a href=\"https:\/\/www.instagram.com\/p\/DQUs0NrElVO\/c\/18408140494142156\/\" target=\"_blank\" rel=\"noreferrer noopener\">expres\u00f3<\/a>&nbsp;otro.&nbsp;<em>&#8220;Muy linda y muy fina, y con mucha clase. Mucha mujer para \u00e9l. No te preocupes que el karma regresa&#8221;<\/em>,&nbsp;<a href=\"https:\/\/www.instagram.com\/p\/DQUs0NrElVO\/c\/17946520995052213\/\" target=\"_blank\" rel=\"noreferrer noopener\">fue<\/a>&nbsp;otro de los comentarios.<\/p>\n\n\n\n<p>Estas respuestas reflejan el impacto que la historia personal de la actriz a\u00fan genera entre quienes han seguido su carrera y vida p\u00fablica.<\/p>\n","protected":false},"excerpt":{"rendered":"<div class=\"mh-excerpt\"><p>El v\u00ednculo que marc\u00f3 su vida y su carrera: Una historia de amor que comenz\u00f3 con ilusi\u00f3n, enfrent\u00f3 desaf\u00edos inesperados y termin\u00f3 en una separaci\u00f3n <a class=\"mh-excerpt-more\" href=\"https:\/\/animals.jkfraser.com\/?p=185\" title=\"As\u00ed fue el amor m\u00e1s doloroso de Natalia Esper\u00f3n: una historia que pocos conocen\">[&#8230;]<\/a><\/p>\n<\/div>","protected":false},"author":1,"featured_media":206,"comment_status":"open","ping_status":"open","sticky":false,"template":"","format":"standard","meta":{"footnotes":""},"categories":[1],"tags":[],"class_list":["post-185","post","type-post","status-publish","format-standard","has-post-thumbnail","hentry","category-uncategorised"],"_links":{"self":[{"href":"https:\/\/animals.jkfraser.com\/index.php?rest_route=\/wp\/v2\/posts\/185","targetHints":{"allow":["GET"]}}],"collection":[{"href":"https:\/\/animals.jkfraser.com\/index.php?rest_route=\/wp\/v2\/posts"}],"about":[{"href":"https:\/\/animals.jkfraser.com\/index.php?rest_route=\/wp\/v2\/types\/post"}],"author":[{"embeddable":true,"href":"https:\/\/animals.jkfraser.com\/index.php?rest_route=\/wp\/v2\/users\/1"}],"replies":[{"embeddable":true,"href":"https:\/\/animals.jkfraser.com\/index.php?rest_route=%2Fwp%2Fv2%2Fcomments&post=185"}],"version-history":[{"count":1,"href":"https:\/\/animals.jkfraser.com\/index.php?rest_route=\/wp\/v2\/posts\/185\/revisions"}],"predecessor-version":[{"id":207,"href":"https:\/\/animals.jkfraser.com\/index.php?rest_route=\/wp\/v2\/posts\/185\/revisions\/207"}],"wp:featuredmedia":[{"embeddable":true,"href":"https:\/\/animals.jkfraser.com\/index.php?rest_route=\/wp\/v2\/media\/206"}],"wp:attachment":[{"href":"https:\/\/animals.jkfraser.com\/index.php?rest_route=%2Fwp%2Fv2%2Fmedia&parent=185"}],"wp:term":[{"taxonomy":"category","embeddable":true,"href":"https:\/\/animals.jkfraser.com\/index.php?rest_route=%2Fwp%2Fv2%2Fcategories&post=185"},{"taxonomy":"post_tag","embeddable":true,"href":"https:\/\/animals.jkfraser.com\/index.php?rest_route=%2Fwp%2Fv2%2Ftags&post=185"}],"curies":[{"name":"wp","href":"https:\/\/api.w.org\/{rel}","templated":true}]}}