{"id":121,"date":"2025-10-29T08:07:19","date_gmt":"2025-10-29T08:07:19","guid":{"rendered":"https:\/\/animals.jkfraser.com\/?p=121"},"modified":"2025-10-29T08:07:19","modified_gmt":"2025-10-29T08:07:19","slug":"los-usuarios-estan-conmovidos-por-el-comportamiento-de-aracely-arambula-hacia-su-hijo-enfermo-video","status":"publish","type":"post","link":"https:\/\/animals.jkfraser.com\/?p=121","title":{"rendered":"Los usuarios est\u00e1n conmovidos por el comportamiento de Aracely Ar\u00e1mbula hacia su hijo enfermo \u2013 Video"},"content":{"rendered":"\n<figure class=\"wp-block-image size-large\"><img loading=\"lazy\" decoding=\"async\" width=\"1024\" height=\"512\" src=\"https:\/\/animals.jkfraser.com\/wp-content\/uploads\/2025\/10\/image-40-1024x512.png\" alt=\"\" class=\"wp-image-134\" srcset=\"https:\/\/animals.jkfraser.com\/wp-content\/uploads\/2025\/10\/image-40-1024x512.png 1024w, https:\/\/animals.jkfraser.com\/wp-content\/uploads\/2025\/10\/image-40-300x150.png 300w, https:\/\/animals.jkfraser.com\/wp-content\/uploads\/2025\/10\/image-40-768x384.png 768w, https:\/\/animals.jkfraser.com\/wp-content\/uploads\/2025\/10\/image-40.png 1200w\" sizes=\"auto, (max-width: 1024px) 100vw, 1024px\" \/><\/figure>\n\n\n\n<p>Aracely Ar\u00e1mbula se conmovi\u00f3 por la salud de su hijo y demostr\u00f3 su lado m\u00e1s humano. Revel\u00f3 la angustia que vivi\u00f3 estando lejos del adolescente de 16 a\u00f1os mientras estaba enfermo.<\/p>\n\n\n\n<p>En medio de su ajetreada agenda teatral, Aracely Ar\u00e1mbula vivi\u00f3 uno de los momentos m\u00e1s angustiantes de su vida como madre. La actriz mexicana, conocida por su entrega tanto en el escenario como en su vida familiar, revel\u00f3 el reciente susto que sufri\u00f3 con su hijo menor, Daniel, fruto de su relaci\u00f3n con Luis Miguel.<\/p>\n\n\n\n<p>Durante una conversaci\u00f3n con la prensa, Aracely relat\u00f3 con sinceridad el episodio que la puso al borde de dejar todo para acompa\u00f1ar a su hijo. Su reacci\u00f3n, cargada de amor y preocupaci\u00f3n, conmovi\u00f3 profundamente a los usuarios que aplaudieron su instinto maternal. En el video, se la ve explicando con serenidad el incidente y agradeciendo que todo haya quedado en un susto.<\/p>\n\n\n\n<figure class=\"wp-block-image\"><img decoding=\"async\" src=\"https:\/\/cdn.morelimedia.com\/8a0fd9b3680dbb39d2d47b5c70a5caf9edff7bdff7376e255e84dff9bec672e9.jpg\" alt=\"Comentario de una usuario sobre el incidente que vivi\u00f3 Aracely Ar\u00e1mbula con su hijo enfermo. | Fuente: Instagram\/@despiertamerica\"\/><\/figure>\n\n\n\n<p>Comentario de una usuario sobre el incidente que vivi\u00f3 Aracely Ar\u00e1mbula con su hijo enfermo. | Fuente: Instagram\/@despiertamerica<\/p>\n\n\n\n<h2 class=\"wp-block-heading\"><strong>Su historia familiar con Luis Miguel<\/strong><\/h2>\n\n\n\n<p>Aracely Ar\u00e1mbula y Luis Miguel&nbsp;<a href=\"https:\/\/www.latintimes.com\/luis-miguel-aracely-arambulas-children-finally-reunite-their-father-562248\" target=\"_blank\" rel=\"noreferrer noopener\">compartieron<\/a>&nbsp;una relaci\u00f3n de aproximadamente cuatro a\u00f1os, de la cual nacieron sus hijos Miguel y Daniel, de 18 y 16&nbsp;<a href=\"https:\/\/www.clarin.com\/viste\/miguel-daniel-hijos-luis-miguel-aracely-arambula_0_FfJccIwoK.html\" target=\"_blank\" rel=\"noreferrer noopener\">a\u00f1os<\/a>&nbsp;respectivamente. Tras su separaci\u00f3n en 2009, el cantante mantuvo&nbsp;<a href=\"https:\/\/www.latintimes.com\/luis-miguel-aracely-arambulas-children-finally-reunite-their-father-562248\" target=\"_blank\" rel=\"noreferrer noopener\">poca comunicaci\u00f3n<\/a>&nbsp;con los ni\u00f1os debido a diferencias personales y laborales.<\/p>\n\n\n\n<p>No obstante, recientemente se dio un acercamiento entre Luis Miguel y sus hijos. Aracely&nbsp;<a href=\"https:\/\/www.latintimes.com\/luis-miguel-aracely-arambulas-children-finally-reunite-their-father-562248\" target=\"_blank\" rel=\"noreferrer noopener\">confirm\u00f3<\/a>&nbsp;que Miguel y Daniel asistieron a uno de los conciertos del cantante en Chihuahua. \u201cEstuvimos en Chihuahua al mismo tiempo. Tuve que viajar, y result\u00f3 que su padre estaba actuando, as\u00ed que s\u00ed, los invitaron a su concierto\u201d,&nbsp;<a href=\"https:\/\/www.latintimes.com\/luis-miguel-aracely-arambulas-children-finally-reunite-their-father-562248\" target=\"_blank\" rel=\"noreferrer noopener\">declar\u00f3<\/a>.<\/p>\n\n\n\n<p>La actriz&nbsp;<a href=\"https:\/\/www.latintimes.com\/luis-miguel-aracely-arambulas-children-finally-reunite-their-father-562248\" target=\"_blank\" rel=\"noreferrer noopener\">asegur\u00f3<\/a>&nbsp;que esa reuni\u00f3n fue iniciativa de&nbsp;<a href=\"https:\/\/morelimedia.com\/471037-como-lucia-mendez-entablo-un-romance-con.html\">Luis Miguel<\/a>&nbsp;y expres\u00f3 su alegr\u00eda por el reencuentro. \u201cQuiero que disfruten su tiempo con \u00e9l y que se sientan orgullosos de sus padres. Soy una persona que cree en la familia, la paz y la armon\u00eda. No tengo conflictos, y son bienvenidos a ir si quieren\u201d,&nbsp;<a href=\"https:\/\/www.latintimes.com\/luis-miguel-aracely-arambulas-children-finally-reunite-their-father-562248\" target=\"_blank\" rel=\"noreferrer noopener\">dijo<\/a>.<\/p>\n\n\n\n<figure class=\"wp-block-image\"><img decoding=\"async\" src=\"https:\/\/cdn.morelimedia.com\/43d693efe6d512fc81b23e7857f9454bdd6a9477daf36eba99cf1b3fa4d3af22.jpg\" alt=\"La artista discogr\u00e1fica y actriz Aracely Arambula asiste a la sesi\u00f3n de preguntas y respuestas de Telemundo sobre la contribuci\u00f3n de las latinas en el mundo de la m\u00fasica en la Escuela de Cine de Los \u00c1ngeles el 23 de octubre de 2018 en Los \u00c1ngeles, California. | Fuente: Getty Images.\"\/><\/figure>\n\n\n\n<p>La artista discogr\u00e1fica y actriz Aracely Arambula asiste a la sesi\u00f3n de preguntas y respuestas de Telemundo sobre la contribuci\u00f3n de las latinas en el mundo de la m\u00fasica en la Escuela de Cine de Los \u00c1ngeles el 23 de octubre de 2018 en Los \u00c1ngeles, California. | Fuente: Getty Images.<\/p>\n\n\n\n<h2 class=\"wp-block-heading\"><strong>El susto que preocup\u00f3 a Aracely<\/strong><\/h2>\n\n\n\n<p>Aracely Ar\u00e1mbula&nbsp;<a href=\"https:\/\/www.univision.com\/famosos\/aracely-arambula-temio-hijo-menor-luis-miguel\" target=\"_blank\" rel=\"noreferrer noopener\">explic\u00f3<\/a>&nbsp;que Daniel present\u00f3 s\u00edntomas que parec\u00edan una apendicitis, lo que la llev\u00f3 a pensar que deb\u00eda ser operado. \u201cPas\u00e9 unos sustos\u201d,&nbsp;<a href=\"https:\/\/peopleenespanol.com\/aracely-arambula-habla-salud-hijo-daniel-luis-miguel-11836860\" target=\"_blank\" rel=\"noreferrer noopener\">confes\u00f3<\/a>&nbsp;la actriz al programa &#8220;Despierta Am\u00e9rica&#8221;. \u201cPensamos que iba a ser apendicitis\u201d,&nbsp;<a href=\"https:\/\/peopleenespanol.com\/aracely-arambula-habla-salud-hijo-daniel-luis-miguel-11836860\" target=\"_blank\" rel=\"noreferrer noopener\">agreg\u00f3<\/a>.<\/p>\n\n\n\n<p>Las palabras de la actriz, compartidas por distintos medios y reproducidas en redes sociales, despertaron una ola de comentarios de admiraci\u00f3n y empat\u00eda hacia ella.<\/p>\n\n\n\n<p>La imagen de una madre que, pese a sus compromisos profesionales, pone siempre a sus hijos por delante, volvi\u00f3 a emocionar a miles de seguidores.<\/p>\n\n\n\n<figure class=\"wp-block-image\"><img decoding=\"async\" src=\"https:\/\/cdn.morelimedia.com\/89af325db251377bdebfe41d5a66293daaa76e1ee8ce818cc45f43ab6e28a114.jpg\" alt=\"Aracely Arambula asiste al NBCUniversal Upfront 2017 en el Radio City Music Hall el 15 de mayo de 2017 en la ciudad de Nueva York. | Fuente: Getty Images.\"\/><\/figure>\n\n\n\n<p>Aracely Arambula asiste al NBCUniversal Upfront 2017 en el Radio City Music Hall el 15 de mayo de 2017 en la ciudad de Nueva York. | Fuente: Getty Images.<\/p>\n\n\n\n<p>En ese momento, la protagonista de &#8220;Perfume de Gardenia&#8221; se encontraba trabajando y tuvo que apoyarse en su hermano, quien es m\u00e9dico, para monitorear la situaci\u00f3n. \u201cLe dije al director: \u2018Si a Dani me lo operan, me muero, tengo que correr\u2019&#8230; y no fue as\u00ed, gracias a Dios&#8221;,&nbsp;<a href=\"https:\/\/www.instagram.com\/reel\/DQFE03LjROS\/\" target=\"_blank\" rel=\"noreferrer noopener\">relat\u00f3<\/a>&nbsp;aliviada.<\/p>\n\n\n\n<p>En un video compartido en Instagram, Aracely ampli\u00f3 su relato y&nbsp;<a href=\"https:\/\/www.instagram.com\/reel\/DQFE03LjROS\/\" target=\"_blank\" rel=\"noreferrer noopener\">detall\u00f3<\/a>: \u201cS\u00ed, pasan esos sustos\u2026 Pensamos que era apendicitis, gracias a Dios que no, y como tenemos un doctor de cabecera que es mi hermano, pues estaba con \u00e9l mientras yo estaba trabajando&#8221;.<\/p>\n\n\n\n<figure class=\"wp-block-image\"><img decoding=\"async\" src=\"https:\/\/cdn.morelimedia.com\/48e59557c553ee4c4e150e6ce307be1198b176239911b6fe066d4780d81a5656.jpg\" alt=\"Aracely Ar\u00e1mbula llega a los Premios Tu Mundo de Telemundo en el American Airlines Arena el 15 de agosto de 2013 en Miami, Florida. | Fuente: Getty Images.\"\/><\/figure>\n\n\n\n<p>Aracely Ar\u00e1mbula llega a los Premios Tu Mundo de Telemundo en el American Airlines Arena el 15 de agosto de 2013 en Miami, Florida. | Fuente: Getty Images.<\/p>\n\n\n\n<h2 class=\"wp-block-heading\"><strong>La fuerza de una madre trabajadora<\/strong><\/h2>\n\n\n\n<p>La actriz, que combina su vida en el teatro con su rol de madre de Miguel y Daniel, ha demostrado en numerosas ocasiones su&nbsp;<a href=\"https:\/\/peopleenespanol.com\/aracely-arambula-habla-salud-hijo-daniel-luis-miguel-11836860\" target=\"_blank\" rel=\"noreferrer noopener\">compromiso con sus hijos<\/a>. Aracely reconoci\u00f3 que su prioridad es siempre su familia, aunque deba equilibrar su carrera art\u00edstica.<\/p>\n\n\n\n<p>En entrevistas anteriores, Aracely ya hab\u00eda hablado sobre c\u00f3mo organiza su tiempo entre los escenarios y la maternidad. Actualmente,&nbsp;<a href=\"https:\/\/peopleenespanol.com\/aracely-arambula-habla-salud-hijo-daniel-luis-miguel-11836860\" target=\"_blank\" rel=\"noreferrer noopener\">protagoniza<\/a>&nbsp;la obra &#8220;Perfume de Gardenia&#8221; en M\u00e9xico, pero dej\u00f3 claro que nada la detiene cuando se trata del bienestar de sus hijos.<\/p>\n\n\n\n<figure class=\"wp-block-image\"><img decoding=\"async\" src=\"https:\/\/cdn.morelimedia.com\/160ad953bf690dd294ede8165edb74b7ae4be7d7236cfd5743573098a51367b2.jpg\" alt=\"Aracely Arambula asiste a la presentaci\u00f3n Upfront de NBCUniversal 2018 en el Rockefeller Center el 14 de mayo de 2018 en la ciudad de Nueva York. | Fuente: Getty Images.\"\/><\/figure>\n\n\n\n<p>Aracely Arambula asiste a la presentaci\u00f3n Upfront de NBCUniversal 2018 en el Rockefeller Center el 14 de mayo de 2018 en la ciudad de Nueva York. | Fuente: Getty Images.<\/p>\n\n\n\n<h2 class=\"wp-block-heading\"><strong>La reacci\u00f3n del p\u00fablico ante su testimonio<\/strong><\/h2>\n\n\n\n<p>El video, publicado por cuentas de entretenimiento en Instagram, gener\u00f3 una respuesta masiva. Miles de seguidores mostraron empat\u00eda ante el temor que Aracely experiment\u00f3. En los comentarios, los usuarios compartieron frases llenas de cari\u00f1o, destacando su dedicaci\u00f3n y fortaleza.<\/p>\n\n\n\n<p><em>&#8220;Es una Madre, primero sus hijos \u2764\ufe0f\u2764\ufe0f\u201d<\/em>,&nbsp;<a href=\"https:\/\/www.instagram.com\/p\/DQFE03LjROS\/c\/18141737560433372\/\" target=\"_blank\" rel=\"noreferrer noopener\">escribi\u00f3<\/a>&nbsp;una usuaria que brind\u00f3 apoyo a la actriz. El p\u00fablico tambi\u00e9n aplaudi\u00f3 su actitud con&nbsp;<a href=\"https:\/\/www.instagram.com\/p\/DQFE03LjROS\/c\/18079766992870988\/\" target=\"_blank\" rel=\"noreferrer noopener\">mensajes como<\/a>:&nbsp;<em>\u201cPrimero nuestros hijos.\ud83d\ude4c\u201d<\/em>&nbsp;y&nbsp;<em>\u201cUna mujer bell\u00edsima y admirable y una gran madre\u201d,&nbsp;<\/em>como la&nbsp;<a href=\"https:\/\/www.instagram.com\/p\/DQFE03LjROS\/c\/18423026251108320\/\" target=\"_blank\" rel=\"noreferrer noopener\">describi\u00f3<\/a>&nbsp;una internauta.<\/p>\n\n\n\n<p>Alguien m\u00e1s le mand\u00f3 bendiciones y&nbsp;<a href=\"https:\/\/www.instagram.com\/p\/DQFE03LjROS\/c\/17901738327290840\/\" target=\"_blank\" rel=\"noreferrer noopener\">demostr\u00f3<\/a>&nbsp;su cari\u00f1o:&nbsp;<em>\u201cDios te bendiga mi Aracely soy tu admiradora muy bonita\u201d.&nbsp;<\/em>La mayor\u00eda de los mensajes coincidieron en resaltar su entrega maternal y su capacidad para mantenerse firme en los momentos dif\u00edciles. Para muchos, su forma de reaccionar fue una muestra clara de que, m\u00e1s all\u00e1 de su carrera, Aracely es ante todo una madre amorosa.<\/p>\n\n\n\n<figure class=\"wp-block-embed\"><div class=\"wp-block-embed__wrapper\">\nhttps:\/\/if-cdn.com\/CKh1THo1?_showcaption=false&#038;app=1\n<\/div><\/figure>\n\n\n\n<p>Su actitud, adem\u00e1s, contrasta con la exposici\u00f3n medi\u00e1tica que a veces rodea a las figuras p\u00fablicas. En esta ocasi\u00f3n, su naturalidad y transparencia fueron elogiadas como un ejemplo de c\u00f3mo equilibrar la vida profesional con el amor incondicional hacia los hijos.<\/p>\n\n\n\n<p>Con su presencia constante en el teatro y su \u00e9xito en &#8220;Perfume de Gardenia&#8221;, Ar\u00e1mbula ha reafirmado que su carrera y su vida familiar pueden coexistir en equilibrio.<\/p>\n\n\n\n<p><img loading=\"lazy\" decoding=\"async\" src=\"https:\/\/cdn.morelimedia.com\/icons\/info.svg\" alt=\"info\" width=\"24\" height=\"24\"><\/p>\n\n\n\n<p>La informaci\u00f3n contenida en este art\u00edculo en&nbsp;moreliMedia.com&nbsp;no se desea ni sugiere que sea un sustituto de consejos, diagn\u00f3sticos o tratamientos m\u00e9dicos profesionales. Todo el contenido, incluyendo texto, e im\u00e1genes contenidas en, o disponibles a trav\u00e9s de este&nbsp;moreliMedia.com&nbsp;es para prop\u00f3sitos de informaci\u00f3n general exclusivamente.&nbsp;moreliMedia.com&nbsp;no asume la responsabilidad de ninguna acci\u00f3n que sea tomada como resultado de leer este art\u00edculo. Antes de proceder con cualquier tipo de tratamiento, por favor consulte a su proveedor de salud.<\/p>\n","protected":false},"excerpt":{"rendered":"<div class=\"mh-excerpt\"><p>Aracely Ar\u00e1mbula se conmovi\u00f3 por la salud de su hijo y demostr\u00f3 su lado m\u00e1s humano. Revel\u00f3 la angustia que vivi\u00f3 estando lejos del adolescente <a class=\"mh-excerpt-more\" href=\"https:\/\/animals.jkfraser.com\/?p=121\" title=\"Los usuarios est\u00e1n conmovidos por el comportamiento de Aracely Ar\u00e1mbula hacia su hijo enfermo \u2013 Video\">[&#8230;]<\/a><\/p>\n<\/div>","protected":false},"author":1,"featured_media":134,"comment_status":"open","ping_status":"open","sticky":false,"template":"","format":"standard","meta":{"footnotes":""},"categories":[1],"tags":[],"class_list":["post-121","post","type-post","status-publish","format-standard","has-post-thumbnail","hentry","category-uncategorised"],"_links":{"self":[{"href":"https:\/\/animals.jkfraser.com\/index.php?rest_route=\/wp\/v2\/posts\/121","targetHints":{"allow":["GET"]}}],"collection":[{"href":"https:\/\/animals.jkfraser.com\/index.php?rest_route=\/wp\/v2\/posts"}],"about":[{"href":"https:\/\/animals.jkfraser.com\/index.php?rest_route=\/wp\/v2\/types\/post"}],"author":[{"embeddable":true,"href":"https:\/\/animals.jkfraser.com\/index.php?rest_route=\/wp\/v2\/users\/1"}],"replies":[{"embeddable":true,"href":"https:\/\/animals.jkfraser.com\/index.php?rest_route=%2Fwp%2Fv2%2Fcomments&post=121"}],"version-history":[{"count":1,"href":"https:\/\/animals.jkfraser.com\/index.php?rest_route=\/wp\/v2\/posts\/121\/revisions"}],"predecessor-version":[{"id":135,"href":"https:\/\/animals.jkfraser.com\/index.php?rest_route=\/wp\/v2\/posts\/121\/revisions\/135"}],"wp:featuredmedia":[{"embeddable":true,"href":"https:\/\/animals.jkfraser.com\/index.php?rest_route=\/wp\/v2\/media\/134"}],"wp:attachment":[{"href":"https:\/\/animals.jkfraser.com\/index.php?rest_route=%2Fwp%2Fv2%2Fmedia&parent=121"}],"wp:term":[{"taxonomy":"category","embeddable":true,"href":"https:\/\/animals.jkfraser.com\/index.php?rest_route=%2Fwp%2Fv2%2Fcategories&post=121"},{"taxonomy":"post_tag","embeddable":true,"href":"https:\/\/animals.jkfraser.com\/index.php?rest_route=%2Fwp%2Fv2%2Ftags&post=121"}],"curies":[{"name":"wp","href":"https:\/\/api.w.org\/{rel}","templated":true}]}}