{"id":1087,"date":"2025-12-20T13:01:38","date_gmt":"2025-12-20T13:01:38","guid":{"rendered":"https:\/\/animals.jkfraser.com\/?p=1087"},"modified":"2025-12-20T13:01:39","modified_gmt":"2025-12-20T13:01:39","slug":"le-abrio-el-vientre-y","status":"publish","type":"post","link":"https:\/\/animals.jkfraser.com\/?p=1087","title":{"rendered":"Le abri\u00f3 el vientre y\u2026"},"content":{"rendered":"\n<figure class=\"wp-block-image size-full\"><img loading=\"lazy\" decoding=\"async\" width=\"526\" height=\"529\" src=\"https:\/\/animals.jkfraser.com\/wp-content\/uploads\/2025\/12\/image-129.png\" alt=\"\" class=\"wp-image-1100\" srcset=\"https:\/\/animals.jkfraser.com\/wp-content\/uploads\/2025\/12\/image-129.png 526w, https:\/\/animals.jkfraser.com\/wp-content\/uploads\/2025\/12\/image-129-298x300.png 298w, https:\/\/animals.jkfraser.com\/wp-content\/uploads\/2025\/12\/image-129-150x150.png 150w\" sizes=\"auto, (max-width: 526px) 100vw, 526px\" \/><\/figure>\n\n\n\n<p>Un caso reciente en Lucas do Rio Verde, municipio del estado brasile\u00f1o de Mato Grosso, ha generado gran revuelo en todo Brasil tras la tr\u00e1gica muerte de una joven de 15 a\u00f1os. El incidente est\u00e1 siendo investigado activamente por las autoridades locales y se considera un caso penal grave.<\/p>\n\n\n\n<p>Seg\u00fan la Polic\u00eda Civil de Mato Grosso, el cuerpo de Yasmin Estef\u00e2nia Alves Ribeiro fue hallado en una zona boscosa tras una extensa b\u00fasqueda liderada por bomberos y equipos policiales. La adolescente hab\u00eda sido reportada como desaparecida d\u00edas antes, lo que gener\u00f3 preocupaci\u00f3n en su familia y la comunidad local.<\/p>\n\n\n\n<p>Este caso ha generado debate p\u00fablico y cobertura nacional debido a la gravedad del delito y la edad de la v\u00edctima. Desde entonces, las autoridades han arrestado a dos personas sospechosas de estar involucradas en el caso.<\/p>\n\n\n\n<h2 class=\"wp-block-heading\">Cronolog\u00eda del incidente<\/h2>\n\n\n\n<h3 class=\"wp-block-heading\">Desaparici\u00f3n reportada<\/h3>\n\n\n\n<p>Yasmin fue vista por \u00faltima vez en el barrio Tessele J\u00fanior, una zona a las afueras de Lucas do Rio Verde. Su familia denunci\u00f3 su desaparici\u00f3n al no regresar a casa. Las primeras labores de b\u00fasqueda fueron realizadas por el Departamento de Bomberos de Mato Grosso y las fuerzas del orden locales, quienes registraron las zonas cercanas, incluyendo zonas boscosas y terrenos rurales.<\/p>\n\n\n\n<h3 class=\"wp-block-heading\">Cuerpo recuperado<\/h3>\n\n\n\n<p>Durante una de las operaciones de b\u00fasqueda, las autoridades localizaron el cuerpo de la ni\u00f1a en una zona forestal remota y de dif\u00edcil acceso. El lugar fue identificado como parte de la regi\u00f3n de Tessele J\u00fanior. Equipos forenses acudieron al lugar para realizar un examen preliminar y recopilar pruebas.<\/p>\n\n\n\n<p>Debido a la naturaleza delicada del caso y a la edad de la v\u00edctima, las autoridades han limitado la divulgaci\u00f3n de informaci\u00f3n gr\u00e1fica al p\u00fablico. Sin embargo, la polic\u00eda confirm\u00f3 que se observaron signos de trauma f\u00edsico, y el caso se est\u00e1 tramitando como homicidio.<\/p>\n\n\n\n<h2 class=\"wp-block-heading\">Investigaci\u00f3n policial y arrestos<\/h2>\n\n\n\n<p>Tras la recuperaci\u00f3n del cuerpo, la Polic\u00eda Civil de Mato Grosso inici\u00f3 una investigaci\u00f3n formal. Seg\u00fan declaraciones p\u00fablicas, la investigaci\u00f3n revel\u00f3 evidencia que vincula el crimen con actividades delictivas organizadas en la regi\u00f3n. Dos sospechosos, ambos adultos, fueron detenidos bajo sospecha de participaci\u00f3n.<\/p>\n\n\n\n<p>La polic\u00eda alega que la v\u00edctima pudo haber sido atra\u00edda o expulsada a la fuerza de su domicilio antes de ser trasladada al remoto lugar donde posteriormente se descubri\u00f3 su cuerpo. Los investigadores est\u00e1n explorando posibles v\u00ednculos con facciones criminales que operan en la zona, pero hasta el momento no se ha confirmado p\u00fablicamente ning\u00fan motivo oficial.<\/p>\n\n\n\n<p>La identidad de los sospechosos no ha sido revelada, de acuerdo con las garant\u00edas legales brasile\u00f1as y los procedimientos de investigaci\u00f3n en curso. Las autoridades han enfatizado que el caso contin\u00faa abierto y que podr\u00edan producirse m\u00e1s arrestos a medida que avance la investigaci\u00f3n.<\/p>\n\n\n<div class=\"wp-block-image\">\n<figure class=\"aligncenter\"><img decoding=\"async\" src=\"https:\/\/fly.metroimg.com\/upload\/q_85,w_700\/https:\/\/uploads.metroimg.com\/wp-content\/uploads\/2023\/09\/10164513\/Yasmim-Estefania-Alves-Ribeiro.jpg\" alt=\"Adolescente leva 6 tiros, \u00e9 decapitada y enterrada en cova rasa | metr\u00f3poli\"\/><\/figure>\n<\/div>\n\n\n<h2 class=\"wp-block-heading\">Respuesta comunitaria y nacional<\/h2>\n\n\n\n<p>El caso ha afectado profundamente a la comunidad local de Lucas do Rio Verde. Se han realizado vigilias, homenajes en redes sociales y reuniones comunitarias en memoria de la v\u00edctima. Las escuelas y organizaciones juveniles de la zona han ofrecido servicios de apoyo psicol\u00f3gico a estudiantes y familias.<\/p>\n\n\n\n<p>Varios medios de comunicaci\u00f3n nacionales y regionales, incluidos G1 Globo y UOL, han informado sobre el caso, se\u00f1alando las amplias implicaciones que plantea sobre la seguridad de los j\u00f3venes, el crimen organizado y la violencia contra menores en Brasil.<\/p>\n\n\n\n<p>Funcionarios del Ministerio P\u00fablico de Mato Grosso divulgaron comunicados pidiendo transparencia y celeridad en la investigaci\u00f3n, as\u00ed como intensificar las medidas de protecci\u00f3n para los j\u00f3venes vulnerables de la regi\u00f3n.<\/p>\n\n\n\n<h2 class=\"wp-block-heading\">Abordar la vulnerabilidad de los j\u00f3venes en Brasil<\/h2>\n\n\n\n<p>Seg\u00fan el Foro Brasile\u00f1o de Seguridad P\u00fablica, los incidentes que involucran a j\u00f3venes y redes criminales han aumentado en ciertas regiones de Brasil. Las zonas marginadas, con oportunidades socioecon\u00f3micas limitadas, suelen ser m\u00e1s vulnerables al reclutamiento o la violencia del crimen organizado.<\/p>\n\n\n\n<p>Los expertos en seguridad p\u00fablica recomiendan estrategias multisectoriales, que incluyen:<\/p>\n\n\n\n<ul class=\"wp-block-list\">\n<li>Fortalecimiento de la polic\u00eda comunitaria<\/li>\n\n\n\n<li>Ampliar el acceso a la educaci\u00f3n y al empleo para los j\u00f3venes en riesgo<\/li>\n\n\n\n<li>Brindar apoyo familiar y recursos de salud mental.<\/li>\n\n\n\n<li>Implementaci\u00f3n de la alfabetizaci\u00f3n digital y la educaci\u00f3n en seguridad en las escuelas<\/li>\n<\/ul>\n\n\n\n<p>Las autoridades locales de Mato Grosso han reconocido estos desaf\u00edos e indicado que se est\u00e1n tomando medidas para reforzar los esfuerzos de extensi\u00f3n entre los j\u00f3venes y de prevenci\u00f3n del delito a ra\u00edz de esta tragedia.<\/p>\n\n\n<div class=\"wp-block-image\">\n<figure class=\"aligncenter\"><img decoding=\"async\" src=\"https:\/\/cdn.estadaomatogrosso.com.br\/storage\/webdisco\/2023\/09\/09\/800x600\/2b0d178f9930cfe54ad6f20d713f1e89.jpg\" alt=\"Adolescente decapitada estar\u00eda participando de disputa territorial contra o CV | Estad\u00e3o MT\"\/><\/figure>\n<\/div>\n\n\n<h2 class=\"wp-block-heading\">Marco legal y protecci\u00f3n de las v\u00edctimas<\/h2>\n\n\n\n<p>Seg\u00fan la legislaci\u00f3n federal brasile\u00f1a, los delitos que involucran a menores, especialmente los violentos, est\u00e1n sujetos a un mayor escrutinio legal y sanciones. El Estatuto del Ni\u00f1o y del Adolescente (ECA) garantiza protecciones espec\u00edficas para los menores de 18 a\u00f1os, incluyendo el derecho a la privacidad y garant\u00edas durante las investigaciones.<\/p>\n\n\n\n<p>En este caso, la Polic\u00eda Especializada de Protecci\u00f3n de Ni\u00f1os, Ni\u00f1as y Adolescentes (DPCA) est\u00e1 colaborando en la investigaci\u00f3n para garantizar que todos los procedimientos se adhieran a los lineamientos nacionales de protecci\u00f3n a las v\u00edctimas menores de edad y sus familias.<\/p>\n\n\n\n<p>La Defensor\u00eda P\u00fablica de Mato Grosso tambi\u00e9n est\u00e1 monitoreando el proceso legal para garantizar que se mantenga el debido proceso para todas las partes involucradas.<\/p>\n\n\n\n<h2 class=\"wp-block-heading\">Investigaci\u00f3n en curso y apelaciones p\u00fablicas<\/h2>\n\n\n\n<p>Las autoridades policiales contin\u00faan recopilando pruebas, entrevistando a testigos y analizando datos forenses relacionados con el caso. Han solicitado a la ciudadan\u00eda que aporte informaci\u00f3n relevante para la investigaci\u00f3n a trav\u00e9s de los canales oficiales de comunicaci\u00f3n o l\u00edneas telef\u00f3nicas an\u00f3nimas.<\/p>\n\n\n\n<p>Se anima a cualquier persona que tenga informaci\u00f3n cre\u00edble a ponerse en contacto con la Polic\u00eda Civil de Mato Grosso o utilizar el portal nacional de denuncia de delitos Disque Den\u00fancia 181, que permite denunciar actividades delictivas de forma an\u00f3nima.<\/p>\n\n\n<div class=\"wp-block-image\">\n<figure class=\"aligncenter\"><img decoding=\"async\" src=\"https:\/\/www.bomdiamt.com\/wp-content\/uploads\/2023\/09\/WhatsApp-Image-2023-09-10-at-14.19.08.jpeg\" alt=\"M\u00e1s um sospechoso preso en cr\u00edmenes de secuestro, homicidio y ocultaci\u00f3n de cad\u00e1ver de adolescente de 15 a\u00f1os\"\/><\/figure>\n<\/div>\n\n\n<h2 class=\"wp-block-heading\">Conclusi\u00f3n<\/h2>\n\n\n\n<p>La muerte de Yasmin Estef\u00e2nia Alves Ribeiro es un tr\u00e1gico recordatorio de la urgente necesidad de fortalecer la protecci\u00f3n de la juventud en Brasil y de continuar los esfuerzos para abordar la violencia vinculada a las organizaciones criminales. Mientras la investigaci\u00f3n contin\u00faa, las agencias locales y nacionales trabajan para garantizar que se haga justicia y se aprendan las lecciones.<\/p>\n\n\n\n<p>La conversaci\u00f3n m\u00e1s amplia que gener\u00f3 este caso resalta la importancia de invertir en la seguridad de la comunidad, la educaci\u00f3n y el empoderamiento de los j\u00f3venes para reducir la vulnerabilidad y prevenir tragedias similares en el futuro.<\/p>\n","protected":false},"excerpt":{"rendered":"<div class=\"mh-excerpt\"><p>Un caso reciente en Lucas do Rio Verde, municipio del estado brasile\u00f1o de Mato Grosso, ha generado gran revuelo en todo Brasil tras la tr\u00e1gica <a class=\"mh-excerpt-more\" href=\"https:\/\/animals.jkfraser.com\/?p=1087\" title=\"Le abri\u00f3 el vientre y\u2026\">[&#8230;]<\/a><\/p>\n<\/div>","protected":false},"author":1,"featured_media":1100,"comment_status":"open","ping_status":"open","sticky":false,"template":"","format":"standard","meta":{"footnotes":""},"categories":[1],"tags":[],"class_list":["post-1087","post","type-post","status-publish","format-standard","has-post-thumbnail","hentry","category-uncategorised"],"_links":{"self":[{"href":"https:\/\/animals.jkfraser.com\/index.php?rest_route=\/wp\/v2\/posts\/1087","targetHints":{"allow":["GET"]}}],"collection":[{"href":"https:\/\/animals.jkfraser.com\/index.php?rest_route=\/wp\/v2\/posts"}],"about":[{"href":"https:\/\/animals.jkfraser.com\/index.php?rest_route=\/wp\/v2\/types\/post"}],"author":[{"embeddable":true,"href":"https:\/\/animals.jkfraser.com\/index.php?rest_route=\/wp\/v2\/users\/1"}],"replies":[{"embeddable":true,"href":"https:\/\/animals.jkfraser.com\/index.php?rest_route=%2Fwp%2Fv2%2Fcomments&post=1087"}],"version-history":[{"count":1,"href":"https:\/\/animals.jkfraser.com\/index.php?rest_route=\/wp\/v2\/posts\/1087\/revisions"}],"predecessor-version":[{"id":1101,"href":"https:\/\/animals.jkfraser.com\/index.php?rest_route=\/wp\/v2\/posts\/1087\/revisions\/1101"}],"wp:featuredmedia":[{"embeddable":true,"href":"https:\/\/animals.jkfraser.com\/index.php?rest_route=\/wp\/v2\/media\/1100"}],"wp:attachment":[{"href":"https:\/\/animals.jkfraser.com\/index.php?rest_route=%2Fwp%2Fv2%2Fmedia&parent=1087"}],"wp:term":[{"taxonomy":"category","embeddable":true,"href":"https:\/\/animals.jkfraser.com\/index.php?rest_route=%2Fwp%2Fv2%2Fcategories&post=1087"},{"taxonomy":"post_tag","embeddable":true,"href":"https:\/\/animals.jkfraser.com\/index.php?rest_route=%2Fwp%2Fv2%2Ftags&post=1087"}],"curies":[{"name":"wp","href":"https:\/\/api.w.org\/{rel}","templated":true}]}}