{"id":1084,"date":"2025-12-20T13:00:30","date_gmt":"2025-12-20T13:00:30","guid":{"rendered":"https:\/\/animals.jkfraser.com\/?p=1084"},"modified":"2025-12-20T13:00:32","modified_gmt":"2025-12-20T13:00:32","slug":"padre-mato-a-la-familia-solo-porque-lo-hicieron","status":"publish","type":"post","link":"https:\/\/animals.jkfraser.com\/?p=1084","title":{"rendered":"Padre mat\u00f3 a la familia solo porque lo hicieron&#8230;."},"content":{"rendered":"\n<figure class=\"wp-block-image size-full\"><img loading=\"lazy\" decoding=\"async\" width=\"512\" height=\"565\" src=\"https:\/\/animals.jkfraser.com\/wp-content\/uploads\/2025\/12\/image-126.png\" alt=\"\" class=\"wp-image-1094\" srcset=\"https:\/\/animals.jkfraser.com\/wp-content\/uploads\/2025\/12\/image-126.png 512w, https:\/\/animals.jkfraser.com\/wp-content\/uploads\/2025\/12\/image-126-272x300.png 272w\" sizes=\"auto, (max-width: 512px) 100vw, 512px\" \/><\/figure>\n\n\n\n<h1 class=\"wp-block-heading\"><strong>Cuando la ayuda llega demasiado tarde: la lucha de una familia de Nebraska contra una enfermedad mental termina en tragedia<\/strong><\/h1>\n\n\n\n<p>El pueblo de Cozad, Nebraska, a\u00fan se recupera de la p\u00e9rdida de cuatro queridos miembros de su unida comunidad. Lo que deber\u00eda haber sido un fin de semana de celebraci\u00f3n, marcado por una graduaci\u00f3n de preparatoria, se convirti\u00f3 en un momento de duelo para amigos, vecinos y seres queridos, quienes ahora enfrentan preguntas desgarradoras.<\/p>\n\n\n\n<p>Las autoridades acudieron a la casa de la familia Koch una tranquila ma\u00f1ana de s\u00e1bado, donde los cuatro miembros \u2014Bailey y Jeremy, junto con sus hijos adolescentes Hudson y Asher\u2014 fueron encontrados muertos. Si bien la investigaci\u00f3n contin\u00faa, los primeros informes sugieren que el incidente podr\u00eda estar relacionado con una larga lucha familiar por la salud mental.<\/p>\n\n\n\n<p>En los d\u00edas siguientes, los padres de Bailey, Lane y Peggy Kugler, dieron un paso al frente para compartir su historia. No para centrarse en las circunstancias de la p\u00e9rdida, sino para visibilizar un problema que, seg\u00fan ellos, requiere atenci\u00f3n nacional urgente: la falta de atenci\u00f3n de salud mental accesible, consistente y oportuna en Estados Unidos.<\/p>\n\n\n<div class=\"wp-block-image\">\n<figure class=\"aligncenter\"><img decoding=\"async\" src=\"https:\/\/media-cldnry.s-nbcnews.com\/image\/upload\/t_fit-560w,f_auto,q_auto:best\/rockcms\/2025-05\/250512-nebraska-jeremy-koch-mn-1110-ca0c61.jpg\" alt=\"Jeremy y Bailey Koch con sus hijos Hudson y Asher.\"\/><\/figure>\n<\/div>\n\n\n<h2 class=\"wp-block-heading\"><strong>Una familia que una vez estuvo llena de esperanza<\/strong><\/h2>\n\n\n\n<p>Bailey y Jeremy Koch eran conocidos por muchos en su comunidad. Sus amigos los describ\u00edan como amables, comprometidos y profundamente espirituales. Eran miembros activos de su iglesia, padres que apoyaban a sus hijos adolescentes y defensores de la salud mental.<\/p>\n\n\n\n<p>La pareja hab\u00eda sido transparente sobre su experiencia, incluso document\u00e1ndola a trav\u00e9s de una p\u00e1gina de Facebook titulada &#8221;&nbsp;<em>Anclando la Esperanza para la Salud Mental&#8221;<\/em>&nbsp;. Publicaci\u00f3n tras publicaci\u00f3n, Bailey habl\u00f3 abiertamente sobre las dificultades de su esposo, los pasos que estaban dando para buscar ayuda y su inquebrantable convicci\u00f3n de que la sanaci\u00f3n era posible.<\/p>\n\n\n<div class=\"wp-block-image\">\n<figure class=\"aligncenter\"><img decoding=\"async\" src=\"https:\/\/www.kbtx.com\/resizer\/v2\/OSZMT7ORYBB67OAGSMOYKSJHTM.jpg?auth=a11519394673127733790bd11ce0c96cc1fe9c4c86daaa5f772d33eee2961d68\" alt=\"La esposa intent\u00f3 desesperadamente salvar a su marido d\u00edas antes de que matara a toda la familia en un aparente asesinato-suicidio.\"\/><\/figure>\n<\/div>\n\n\n<p>Apenas unos d\u00edas antes de la tragedia, Bailey comparti\u00f3 noticias esperanzadoras: Jeremy hab\u00eda sido dado de alta recientemente de un centro de salud mental y hab\u00edan firmado la documentaci\u00f3n para comenzar un nuevo r\u00e9gimen de tratamiento.<\/p>\n\n\n\n<p>\u201cNos sentimos escuchados, vistos y apoyados\u201d, escribi\u00f3. \u201cEstamos seguros de que esta es la direcci\u00f3n correcta\u201d.<\/p>\n\n\n\n<p>Pero detr\u00e1s de esas palabras esperanzadoras hab\u00eda una familia que cargaba con un peso invisible, un peso que hab\u00edan intentado, una y otra vez, superar con la ayuda de un sistema de salud mental en el que cre\u00edan, pero que finalmente no actu\u00f3 con la suficiente rapidez.<\/p>\n\n\n\n<h2 class=\"wp-block-heading\"><strong>Cuando el sistema falla, familias en crisis<\/strong><\/h2>\n\n\n<div class=\"wp-block-image\">\n<figure class=\"aligncenter\"><img decoding=\"async\" src=\"https:\/\/www.usatoday.com\/gcdn\/authoring\/authoring-images\/2025\/05\/12\/USAT\/83580889007-koch-christmas.png?crop=1175,661,x0,y111\" alt=\"Familia de Nebraska fue encontrada muerta antes de la graduaci\u00f3n de su hijo, dicen las autoridades\"\/><\/figure>\n<\/div>\n\n\n<p>En una declaraci\u00f3n conjunta, los padres de Bailey lo dejaron claro: la situaci\u00f3n no se deb\u00eda a falta de amor, esfuerzo ni fe. Describieron la condici\u00f3n de Jeremy como una enfermedad mental grave, que con el tiempo hab\u00eda evolucionado de depresi\u00f3n a psicosis.<\/p>\n\n\n\n<p>\u201cJeremy llevaba muchos a\u00f1os luchando contra una enfermedad mental\u201d, escribieron. \u201cEste no era Jeremy. Era una mente enferma, no el hombre que conoc\u00edamos\u201d.<\/p>\n\n\n\n<p>Se\u00f1alaron que Bailey hab\u00eda vivido durante a\u00f1os con el temor de perder a su esposo debido a su condici\u00f3n, no solo f\u00edsica, sino emocionalmente. Lo hab\u00eda defendido con fervor, documentando a menudo su frustraci\u00f3n por la dificultad de acceder a cuidados continuos, especialmente en comunidades peque\u00f1as.<\/p>\n\n\n\n<p>La petici\u00f3n p\u00fablica de la familia no es de culpa, sino de acci\u00f3n. En sus palabras:<\/p>\n\n\n\n<blockquote class=\"wp-block-quote is-layout-flow wp-block-quote-is-layout-flow\">\n<p>\u201cEste pa\u00eds est\u00e1 en crisis porque hay muy poca ayuda disponible para abordar las enfermedades mentales en la escala necesaria\u201d.<\/p>\n<\/blockquote>\n\n\n\n<h2 class=\"wp-block-heading\"><strong>Barreras a la atenci\u00f3n de la salud mental: un patr\u00f3n nacional<\/strong><\/h2>\n\n\n\n<p>Desafortunadamente, la experiencia de la familia Koch no es \u00fanica.<\/p>\n\n\n\n<p>En todo Estados Unidos, las familias a menudo enfrentan desaf\u00edos abrumadores al intentar navegar por el sistema de atenci\u00f3n de salud mental. Desde largos tiempos de espera hasta limitaciones de seguros, desde la escasez de proveedores hasta la inaccesibilidad en zonas rurales, el sistema deja a muchas personas sin tratamiento, a veces durante meses, a veces para siempre.<\/p>\n\n\n\n<p>En Nebraska, como en muchos estados rurales, la disponibilidad de psiquiatras, consejeros y centros de atenci\u00f3n hospitalaria es limitada. En el caso de afecciones graves como la depresi\u00f3n cl\u00ednica o los trastornos psic\u00f3ticos, la falta de intervenci\u00f3n temprana y seguimiento continuo puede generar inestabilidad.<\/p>\n\n\n\n<p>Un informe de 2023 de la Alianza Nacional de Enfermedades Mentales (NAMI) revel\u00f3 que m\u00e1s del 50 % de los adultos con una afecci\u00f3n mental en EE. UU. no recibieron tratamiento durante el a\u00f1o anterior. En las zonas rurales, esa cifra era a\u00fan mayor.<\/p>\n\n\n\n<h2 class=\"wp-block-heading\"><strong>La lucha de una madre por su familia<\/strong><\/h2>\n\n\n<div class=\"wp-block-image\">\n<figure class=\"aligncenter\"><img decoding=\"async\" src=\"https:\/\/s.yimg.com\/uu\/api\/res\/1.2\/IT7s.DA5fya6Gel5g8yM0g--~B\/aD00MDY7dz03MjA7YXBwaWQ9eXRhY2h5b24-\/https:\/\/media.zenfs.com\/en\/video.people.time.com\/3231dc7ecb61ce4d3a3cd3500c30f7f6\" alt=\"Familia de 4 personas fue encontrada muerta en un aparente asesinato-suicidio el mismo d\u00eda de la graduaci\u00f3n de secundaria de su hijo.\"\/><\/figure>\n<\/div>\n\n\n<p>Las publicaciones de Bailey en Facebook revelan a una mujer que nunca se rindi\u00f3.<\/p>\n\n\n\n<p>En abril, escribi\u00f3 sobre los contratiempos: las hospitalizaciones, las brechas en la cobertura, los momentos en que el tratamiento parec\u00eda inalcanzable. Se pregunt\u00f3 por qu\u00e9 el acceso a la atenci\u00f3n de salud mental, algo tan vital, requer\u00eda tanta persistencia, dinero y papeleo.<\/p>\n\n\n\n<p>Pero incluso cuando se sent\u00eda frustrada, nunca dej\u00f3 de intentarlo. Anim\u00f3 a otros a alzar la voz, a eliminar el estigma que rodea la b\u00fasqueda de ayuda y a seguir abogando incluso cuando el sistema se sent\u00eda abrumado.<\/p>\n\n\n\n<p>Su historia, aunque tr\u00e1gica, sigue siendo un testimonio de resiliencia, amor y el poder de la esperanza, incluso cuando el resultado no est\u00e1 a la altura del esfuerzo.<\/p>\n\n\n\n<h2 class=\"wp-block-heading\"><strong>El d\u00eda que la comunidad se detuvo<\/strong><\/h2>\n\n\n\n<p>En la ma\u00f1ana del 11 de mayo, apenas horas antes de que el hijo mayor de los Koch, Hudson, se graduara de la escuela secundaria, ocurri\u00f3 una tragedia.<\/p>\n\n\n\n<p>La comunidad de Cozad, conmocionada y desconsolada, respondi\u00f3 con compasi\u00f3n y unidad. El distrito escolar emiti\u00f3 un comunicado reconociendo la profunda p\u00e9rdida y el impacto que tendr\u00eda en los estudiantes, el profesorado y las familias. Se pusieron a disposici\u00f3n consejeros y se celebr\u00f3 una vigilia discreta en la ciudad.<\/p>\n\n\n\n<p>Para un pueblo donde &#8220;todos se conocen&#8221;, la conmoci\u00f3n emocional fue inmensa. Y, sin embargo, muchos dijeron que la familia no querr\u00eda que la historia terminara en silencio, sino en acci\u00f3n.<\/p>\n\n\n\n<h2 class=\"wp-block-heading\"><strong>Transformando el duelo en defensa<\/strong><\/h2>\n\n\n\n<p>Tras la tragedia, los Kugler convirtieron su dolor en un llamado a la reforma.<\/p>\n\n\n\n<p>Su mensaje es claro: la enfermedad mental no es un defecto de car\u00e1cter, una falta de fuerza de voluntad ni un problema moral. Es una condici\u00f3n m\u00e9dica y, como todas las dem\u00e1s, requiere diagn\u00f3stico, apoyo y tratamiento continuo.<\/p>\n\n\n\n<p>Ahora est\u00e1n trabajando con l\u00edderes comunitarios y grupos religiosos para ampliar el acceso local a los recursos de salud mental y han alentado a otros a impulsar cambios a nivel estatal y nacional, que incluyen:<\/p>\n\n\n\n<ul class=\"wp-block-list\">\n<li>Cobertura ampliada de atenci\u00f3n psiqui\u00e1trica en seguros p\u00fablicos y privados<\/li>\n\n\n\n<li>Incentivos para que los profesionales de la salud mental presten servicios en zonas rurales<\/li>\n\n\n\n<li>Protocolos de respuesta a emergencias para familias en crisis de salud mental<\/li>\n\n\n\n<li>Educaci\u00f3n p\u00fablica para desestigmatizar las enfermedades mentales y fomentar la intervenci\u00f3n temprana<\/li>\n<\/ul>\n\n\n\n<p>Como escribieron en Facebook:<\/p>\n\n\n\n<blockquote class=\"wp-block-quote is-layout-flow wp-block-quote-is-layout-flow\">\n<p>Demasiadas mentes sufren en silencio, sin atenci\u00f3n, sin opciones. Nuestra hija y su familia hicieron todo bien. Pero la ayuda no lleg\u00f3 con la suficiente rapidez. Eso debe cambiar.<\/p>\n<\/blockquote>\n\n\n\n<h2 class=\"wp-block-heading\"><strong>Apoyando a las familias antes de que sea demasiado tarde<\/strong><\/h2>\n\n\n\n<p>Esta historia es dif\u00edcil. No es f\u00e1cil de leer ni compartir. Pero es necesaria.<\/p>\n\n\n\n<p>Porque en este momento hay familias que est\u00e1n recorriendo el mismo camino: llamando a m\u00e9dicos, surtiendo recetas, sentados en salas de emergencia y pregunt\u00e1ndose si el sistema los atrapar\u00e1 antes de que algo suceda.<\/p>\n\n\n\n<p>Si usted o alguien que conoce tiene problemas de salud mental, no espere. Hay recursos disponibles, y aunque no siempre sean perfectos, son un buen punto de partida:<\/p>\n\n\n\n<p>Los centros de salud comunitarios locales, las iglesias y las plataformas de terapia en l\u00ednea tambi\u00e9n ofrecen servicios gratuitos o de bajo costo en muchas \u00e1reas.<\/p>\n\n\n\n<h2 class=\"wp-block-heading\"><strong>En memoria, en acci\u00f3n<\/strong><\/h2>\n\n\n\n<p>Bailey, Jeremy, Hudson y Asher Koch ya no est\u00e1n con nosotros, pero su historia ya ha inspirado conversaciones m\u00e1s profundas en Nebraska y m\u00e1s all\u00e1.<\/p>\n\n\n\n<p>Su legado podr\u00eda ser el de un cambio: un recordatorio de que las enfermedades mentales deben tratarse con la misma urgencia y compasi\u00f3n que cualquier otra crisis de salud.<\/p>\n\n\n\n<p>Que su recuerdo nos mueva a construir mejores sistemas, a escuchar m\u00e1s atentamente y a nunca desestimar un grito silencioso de ayuda.<\/p>\n","protected":false},"excerpt":{"rendered":"<div class=\"mh-excerpt\"><p>Cuando la ayuda llega demasiado tarde: la lucha de una familia de Nebraska contra una enfermedad mental termina en tragedia El pueblo de Cozad, Nebraska, <a class=\"mh-excerpt-more\" href=\"https:\/\/animals.jkfraser.com\/?p=1084\" title=\"Padre mat\u00f3 a la familia solo porque lo hicieron&#8230;.\">[&#8230;]<\/a><\/p>\n<\/div>","protected":false},"author":1,"featured_media":1094,"comment_status":"open","ping_status":"open","sticky":false,"template":"","format":"standard","meta":{"footnotes":""},"categories":[1],"tags":[],"class_list":["post-1084","post","type-post","status-publish","format-standard","has-post-thumbnail","hentry","category-uncategorised"],"_links":{"self":[{"href":"https:\/\/animals.jkfraser.com\/index.php?rest_route=\/wp\/v2\/posts\/1084","targetHints":{"allow":["GET"]}}],"collection":[{"href":"https:\/\/animals.jkfraser.com\/index.php?rest_route=\/wp\/v2\/posts"}],"about":[{"href":"https:\/\/animals.jkfraser.com\/index.php?rest_route=\/wp\/v2\/types\/post"}],"author":[{"embeddable":true,"href":"https:\/\/animals.jkfraser.com\/index.php?rest_route=\/wp\/v2\/users\/1"}],"replies":[{"embeddable":true,"href":"https:\/\/animals.jkfraser.com\/index.php?rest_route=%2Fwp%2Fv2%2Fcomments&post=1084"}],"version-history":[{"count":1,"href":"https:\/\/animals.jkfraser.com\/index.php?rest_route=\/wp\/v2\/posts\/1084\/revisions"}],"predecessor-version":[{"id":1095,"href":"https:\/\/animals.jkfraser.com\/index.php?rest_route=\/wp\/v2\/posts\/1084\/revisions\/1095"}],"wp:featuredmedia":[{"embeddable":true,"href":"https:\/\/animals.jkfraser.com\/index.php?rest_route=\/wp\/v2\/media\/1094"}],"wp:attachment":[{"href":"https:\/\/animals.jkfraser.com\/index.php?rest_route=%2Fwp%2Fv2%2Fmedia&parent=1084"}],"wp:term":[{"taxonomy":"category","embeddable":true,"href":"https:\/\/animals.jkfraser.com\/index.php?rest_route=%2Fwp%2Fv2%2Fcategories&post=1084"},{"taxonomy":"post_tag","embeddable":true,"href":"https:\/\/animals.jkfraser.com\/index.php?rest_route=%2Fwp%2Fv2%2Ftags&post=1084"}],"curies":[{"name":"wp","href":"https:\/\/api.w.org\/{rel}","templated":true}]}}